{"id":5114,"date":"2020-05-05T20:21:07","date_gmt":"2020-05-05T18:21:07","guid":{"rendered":"http:\/\/www.maltreting.pl\/?p=5114"},"modified":"2020-05-05T23:40:50","modified_gmt":"2020-05-05T21:40:50","slug":"koronawirus-frustracja-na-wykresie","status":"publish","type":"post","link":"https:\/\/www.maltreting.pl\/index.php\/2020\/05\/koronawirus-frustracja-na-wykresie\/","title":{"rendered":"Koronawirus: frustracja na wykresie"},"content":{"rendered":"<p><img decoding=\"async\" loading=\"lazy\" class=\"aligncenter size-large wp-image-5131\" src=\"https:\/\/www.maltreting.pl\/wp-content\/uploads\/2020\/05\/covid-na-wykresie-tn-1024x576.jpg\" alt=\"Koronawirus na wykresie\" width=\"850\" height=\"478\" srcset=\"https:\/\/www.maltreting.pl\/wp-content\/uploads\/2020\/05\/covid-na-wykresie-tn-1024x576.jpg 1024w, https:\/\/www.maltreting.pl\/wp-content\/uploads\/2020\/05\/covid-na-wykresie-tn-300x169.jpg 300w, https:\/\/www.maltreting.pl\/wp-content\/uploads\/2020\/05\/covid-na-wykresie-tn-768x432.jpg 768w, https:\/\/www.maltreting.pl\/wp-content\/uploads\/2020\/05\/covid-na-wykresie-tn-622x350.jpg 622w, https:\/\/www.maltreting.pl\/wp-content\/uploads\/2020\/05\/covid-na-wykresie-tn-150x84.jpg 150w, https:\/\/www.maltreting.pl\/wp-content\/uploads\/2020\/05\/covid-na-wykresie-tn.jpg 1920w\" sizes=\"(max-width: 850px) 100vw, 850px\" \/><\/p>\n<p style=\"text-align: justify;\"><em>\u201eRo\u015bnie liczba os\u00f3b wyleczonych, a z ponad 12 tysi\u0119cy zaka\u017conych koronawirusem, nieca\u0142e 3 tysi\u0105ce jest leczone w szpitalach. Polska strategia walki z epidemi\u0105 przynosi o wiele lepsze rezultaty ni\u017c w innych cz\u0119\u015bciach Europy\u201d \u2013 pod koniec kwietnia <\/em><a href=\"https:\/\/wiadomosci.tvp.pl\/47786896\/polski-sukces-w-walce-z-koronawirusem\"><em>oznajmia z dum\u0105<\/em><\/a><em> Micha\u0142 Adamczyk w Wiadomo\u015bciach TVP.<\/em><\/p>\n<p style=\"text-align: justify;\"><em>No wi\u0119c, towarzyszu Adamczyk, jak to cz\u0119sto w waszym przypadku \u2013 g\u00f3wno prawda.<\/em><\/p>\n<p><!--more--><\/p>\n<p style=\"text-align: justify;\">Nawet nie b\u0119d\u0119 wnika\u0142, dlaczego to prymitywne odniesienie <em>og\u00f3lnej<\/em> liczby zaka\u017conych do liczby <em>aktualnie<\/em> hospitalizowanych jest nie tylko b\u0142\u0119dem merytorycznym, ale w dodatku wskazuje, \u017ce wiele przypadk\u00f3w zaka\u017ce\u0144 umyka \u201epolskiej strategii walce z epidemi\u0105\u201d.<\/p>\n<p style=\"text-align: justify;\">Zauwa\u017c\u0119 za to, \u017ce nieszczeg\u00f3lnie jest to \u201epolska strategia\u201d, bo podobn\u0105 \u015bcie\u017ck\u0105 posz\u0142o wiele pa\u0144stw. Oraz to, \u017ce <em>nie przynosi. <\/em>Nie przynosi o wiele lepszych rezultat\u00f3w ni\u017c w innych cz\u0119\u015bciach Europy. Czas tera\u017aniejszy w tym zdaniu jest nadu\u017cyciem, \u017ceby nie powiedzie\u0107: ordynarnym k\u0142amstwem. Element kt\u00f3ry przyni\u00f3s\u0142 naprawd\u0119 dobre efekty, to szybkie jej wdro\u017cenie.<\/p>\n<p style=\"text-align: justify;\">Czas przesz\u0142y dokonany, towarzyszu Adamczyk. Przyni\u00f3s\u0142. Raz. By\u0142o, min\u0119\u0142o.<\/p>\n<p style=\"text-align: justify;\">Mia\u0142o to oczywi\u015bcie bez cienia w\u0105tpliwo\u015bci ogromne, pozytywne znaczenie dla liczby zachorowa\u0144, ale ca\u0142a reszta tej \u201estrategii\u201d, jej tera\u017aniejszo\u015b\u0107, le\u017cy i kwiczy. I odczujemy to bole\u015bnie wszyscy: zdrowi i chorzy.<\/p>\n<p style=\"text-align: justify;\">I zaraz to poka\u017c\u0119 na obrazkach, prawie jak Jacek Gmoch.<\/p>\n<p style=\"text-align: justify;\">Tylko bez strza\u0142ek.<\/p>\n<p style=\"text-align: justify;\">Ale poza tym zupe\u0142nie jak Jacek Gmoch.<\/p>\n<p style=\"text-align: justify;\">Ale najpierw \u2013 obszerny wst\u0119p. (Je\u015bli kto\u015b nie lubi obszernych wst\u0119p\u00f3w, to mo\u017ce przewin\u0105\u0107 stron\u0119 w d\u00f3\u0142, a\u017c zobaczy obrazki.)<\/p>\n<h2>Prywatna teoria spiskowa<\/h2>\n<p style=\"text-align: justify;\">Jedna z moich licznych prywatnych (a teraz ju\u017c publicznych) teorii spiskowych g\u0142osi\u0142a, \u017ce szybk\u0105 i bardzo zdecydowan\u0105 reakcj\u0119 rz\u0105du na pojawienie si\u0119 koronawirusa w Polsce zawdzi\u0119czamy wyborom prezydenckim. Uku\u0142em t\u0119 teori\u0119 \u2013 albo mo\u017ce <em>uknu\u0142em<\/em>, w ko\u0144cu to teoria spiskowa \u2013 jeszcze w po\u0142owie marca, i wcale nie mia\u0142em na my\u015bli bezwzgl\u0119dnego parcia do wybor\u00f3w, jakie PiS demonstruje w ostatnich tygodniach.<\/p>\n<p style=\"text-align: justify;\">Szczerze m\u00f3wi\u0105c, w og\u00f3le nie my\u015bla\u0142em o tym, jak epidemia mo\u017ce wp\u0142yn\u0105\u0107 na mo\u017cliwo\u015b\u0107 przeprowadzenia wybor\u00f3w, co zreszt\u0105 jest solidn\u0105 mielizn\u0105 tej teorii.<\/p>\n<p style=\"text-align: justify;\">W ka\u017cdym razie moja kalkulacja by\u0142a prosta: zak\u0142ada\u0142em, \u017ce PiS do\u015b\u0107 p\u00f3\u017ano zacz\u0105\u0142 przygotowywa\u0107 si\u0119 na nadej\u015bcie epidemii, ale jak wreszcie zacz\u0105\u0142, to b\u0142yskawicznie zorientowa\u0142 si\u0119, \u017ce nie ma ju\u017c czasu na zorganizowanie czego\u015b bardziej wyrafinowanego ni\u017c zamkni\u0119cie prawie ca\u0142ej Polski w czterech \u015bcianach. Nie czekaj\u0105c wi\u0119c na to, a\u017c w Polsce zobaczymy to, co wtedy widzieli\u015bmy w Lombardii (a potem w Hiszpanii, Wielkiej Brytanii i wreszcie w USA), b\u0142yskawicznie zarz\u0105dzi\u0142 lockdown.<\/p>\n<p style=\"text-align: justify;\">Gdyby tego nie zrobi\u0142 od razu \u2013 tak t\u0142umaczy\u0142a to wtedy moja teoria spiskowa \u2013 do 10 maja wyborcy naogl\u0105daliby si\u0119 tyle \u015bmierci w telewizji, \u017ce ich w\u015bciek\u0142o\u015b\u0107 na nieudolno\u015b\u0107 w\u0142adzy pozbawi\u0142aby Andrzeja Dud\u0119 jakichkolwiek szans na zwyci\u0119stwo. Tymczasem szybkie zd\u0142awienie epidemii pozwoli\u0142oby mu ubra\u0107 si\u0119 w szaty pogromcy wirusa, zanim jeszcze do suwerena dotar\u0142aby \u015bwiadomo\u015b\u0107 ogromu kosztu tego zwyci\u0119stwa.<\/p>\n<p style=\"text-align: justify;\">Generalnie, je\u015bli chodzi o kwalifikacje, oceniam PiS jako w\u0142adz\u0119 wyj\u0105tkowo partack\u0105 i niekompetentn\u0105, ale wtedy my\u015bla\u0142em, \u017ce mo\u017cemy m\u00f3wi\u0107 o szcz\u0119\u015bciu w nieszcz\u0119\u015bciu. Co prawda mamy u steru w\u0142adzy \u017cenuj\u0105cych ignorant\u00f3w, ale perspektywa pora\u017cki w wyborach spowodowa\u0142a, \u017ce \u2013 by\u0107 mo\u017ce w\u0142a\u015bnie zdaj\u0105c sobie spraw\u0119 z w\u0142asnej s\u0142abo\u015bci \u2013 b\u0142yskawicznie wprowadzili oni to, z czym sk\u0142onni do deliberowania i czekania na wzory zza granicy technokraci z demokratycznej opozycji zwlekaliby mo\u017ce jeszcze jaki\u015b tydzie\u0144.<\/p>\n<p style=\"text-align: justify;\">Oczywi\u015bcie s\u0142\u00f3w \u201etechnokraci z demokratycznej opozycji&#8221; u\u017cy\u0142em g\u0142\u0119boko szyderczo.<\/p>\n<p style=\"text-align: justify;\">Przez d\u0142u\u017cszy czas \u017cy\u0142em wi\u0119c nawet \u2013 nie b\u00f3jmy si\u0119 tego s\u0142owa \u2013 nadziej\u0105, \u017ce Polska odniesie nawet \u2013 tego s\u0142owa te\u017c si\u0119 nie b\u00f3jmy \u2013 sukces. Lub przynajmniej co\u015b w rodzaju sukcesu.<\/p>\n<p style=\"text-align: justify;\">Tej nadziei nie m\u0105ci\u0142a nawet pewna frustracja, kt\u00f3ra pojawi\u0142a si\u0119 wraz z lektur\u0105 doniesie\u0144 z innych zak\u0105tk\u00f3w \u015bwiata.<\/p>\n<h2>Frustracja<\/h2>\n<p style=\"text-align: justify;\">Nie da si\u0119 ukry\u0107, \u017ce koronawirus przy\u0142apa\u0142 zdecydowan\u0105 wi\u0119kszo\u015b\u0107 cywilizowanego \u015bwiata, w tym Europ\u0119, z opuszczonymi portkami. Jedynie nieliczne pa\u0144stwa, takie jak <a href=\"https:\/\/www.youtube.com\/watch?v=_wox36bFDqE\">Korea Po\u0142udniowa czy Tajwan<\/a>, mia\u0142y wszystkie cz\u0119\u015bci garderoby na swoim miejscu i potrafi\u0142y zmierzy\u0107 si\u0119 z epidemi\u0105, nie masakruj\u0105c przy okazji swoich gospodarek radykalnymi \u2013 o rany, to b\u0119dzie s\u0142owo roku 2020! \u2013 lockdownami.<\/p>\n<p style=\"text-align: justify;\">To w\u0142a\u015bnie \u015bwiadomo\u015b\u0107 tego, \u017ce da si\u0119 skutecznie walczy\u0107 z epidemi\u0105 bez zamykania ludzi w domach, a w dalszej perspektywie rujnowania \u017cycia dziesi\u0105tek tysi\u0119cy z nich, by\u0142a dla mnie nieco frustruj\u0105ca. Nie to, \u017cebym nie dostrzega\u0142 wyj\u0105tkowo soczystej ironii w tym, \u017ce gospodarka wali si\u0119 w gruzy, gdy ludzie zaczynaj\u0105 ogranicza\u0107 swoje zakupy do tego, co jest im naprawd\u0119 potrzebne. Dostrzegam.<\/p>\n<p style=\"text-align: justify;\">Dostrzegam, ale s\u0119k w tym, \u017ce najbardziej ucierpi\u0105 ci, kt\u00f3rzy ju\u017c wcze\u015bniej musieli ogranicza\u0107 swoje zakupy do tego, co jest im naprawd\u0119 potrzebne.<\/p>\n<p style=\"text-align: justify;\">No ale c\u00f3\u017c, trzeba by\u0142o zacisn\u0105\u0107 z\u0119by (ja p\u00f3ki co zagryza\u0142em jedynie frustracj\u0119, a to najmniejszy z mo\u017cliwych problem\u00f3w) i czeka\u0107. Czeka\u0107 na to, aby lockdown spe\u0142ni swoje zadanie zduszenia epidemii, jednocze\u015bnie kupuj\u0105c czas rz\u0105dom na to, by te \u2013 wci\u0105\u017c trzymaj\u0105c si\u0119 odzie\u017cowej metafory \u2013 podci\u0105gn\u0119\u0142y galoty i zacz\u0119\u0142y dzia\u0142a\u0107.<\/p>\n<p style=\"text-align: justify;\">I, odpuka\u0107, p\u00f3ki co wygl\u0105da na to, \u017ce w wielu przypadkach tak si\u0119 sta\u0142o.<\/p>\n<p style=\"text-align: justify;\">Niestety, nie we wszystkich. W szczeg\u00f3lno\u015bci, wygl\u0105da na to, \u017ce z go\u0142\u0105 dup\u0105 wci\u0105\u017c lata rz\u0105d polski.<\/p>\n<h2>Medymatyka<\/h2>\n<p style=\"text-align: justify;\">W ci\u0105gu ostatnich kilku tygodni nie omieszka\u0142em skorzysta\u0107 z okazji, by podobnie jak p\u00f3\u0142 Polski, zosta\u0107 ekspertem epidemiologii. Naczyta\u0142em si\u0119 artyku\u0142\u00f3w, naogl\u0105da\u0142em modeli, naliza\u0142em nawet nieco teorii.<\/p>\n<p style=\"text-align: justify;\">Nie liza\u0142em za to por\u0119czy ani <a href=\"https:\/\/wroclaw.naszemiasto.pl\/coronaviruschallenge-pierwsza-ofiara-internetowego-wyzwania\/ar\/c1-7610315\">desek klozetowych<\/a>, mimo \u017ce mam konto na Instagramie. (Bardzo zaniedbane, <a href=\"https:\/\/www.instagram.com\/maltreting\/\">nie klikajcie<\/a>.)<\/p>\n<p style=\"text-align: justify;\">Teoria jest tu kluczowa i niestety <a href=\"https:\/\/youtu.be\/k6nLfCbAzgo\">ocieka nieco odstraszaj\u0105c\u0105 matematyk\u0105<\/a>, ale \u017ceby zrozumie\u0107, \u017ce wywo\u0142any na wst\u0119pie towarzysz Adamczyk uprawia wyj\u0105tkowo k\u0142amliw\u0105 propagand\u0119, wystarcz\u0105 jej absolutne podstawy i nieco wyobra\u017ani. Nie trzeba nawet wiedzie\u0107, czym jest funkcja wyk\u0142adnicza, chocia\u017c jej znajomo\u015b\u0107 przydaje si\u0119 do zrozumienia skali problemu.<\/p>\n<p style=\"text-align: justify;\">Co wi\u0119c jest wa\u017cne, \u017ceby podyskutowa\u0107 z towarzyszem Adamczykiem?<\/p>\n<p style=\"text-align: justify;\">W zasadzie jedynie wiedza na temat tego, ile os\u00f3b zara\u017ca, \u015brednio rzecz bior\u0105c, jeden zaka\u017cony i jak to si\u0119 przek\u0142ada na to, co si\u0119 dzieje. Oto ca\u0142a ta wiedza:<\/p>\n<p style=\"text-align: justify;\">Je\u015bli jeden zara\u017cony zaka\u017ca wi\u0119cej ni\u017c jedn\u0105 osob\u0119 \u2013 epidemia si\u0119 rozwija, czyli os\u00f3b aktualnie zaka\u017conych z czasem b\u0119dzie coraz wi\u0119cej. Je\u015bli dok\u0142adnie jedn\u0105 \u2013 liczba aktualnie zaka\u017conych b\u0119dzie na d\u0142u\u017csz\u0105 met\u0119 utrzymywa\u0107 si\u0119 \u00a0na sta\u0142ym poziomie. Je\u015bli mniej ni\u017c jedn\u0105 \u2013 epidemia zaczyna wygasa\u0107, bo z czasem zaka\u017conych ubywa.<\/p>\n<p style=\"text-align: justify;\">Logiczne? Logiczne. Proste? Proste.<\/p>\n<p style=\"text-align: justify;\">Je\u015bli chcemy st\u0142umi\u0107 epidemi\u0119, to musimy doprowadzi\u0107 do sytuacji, w kt\u00f3rej jeden zaka\u017cony \u015brednio zaka\u017ca mniej ni\u017c jedn\u0105 osob\u0119. W tym celu (i tego akurat chyba nigdzie nie wyczyta\u0142em, wi\u0119c mo\u017cecie do tego podej\u015b\u0107 jako do zdroworos\u0105dkowizmu) mo\u017cemy zrobi\u0107 dwie rzeczy:<\/p>\n<ul style=\"text-align: justify;\">\n<li>zmniejszy\u0107 liczb\u0119 \u201eokazji\u201d do zaka\u017cenia<br \/>\nlub<\/li>\n<li>zmniejszy\u0107 ryzyko zaka\u017cenia, gdy taka okazja ju\u017c si\u0119 zmaterializuje.<\/li>\n<\/ul>\n<p style=\"text-align: justify;\">Lockdown to spos\u00f3b na <em>zmniejszenie liczby \u201eokazji\u201d<\/em> \u2013 rzadziej i na kr\u00f3cej wychodzimy z domu, wi\u0119c rzadziej mamy kontakt z potencjalnymi nosicielami wirusa, rzadziej bywamy w miejscach, kt\u00f3re mogli oni wcze\u015bniej odwiedzi\u0107. Innym sposobem jest izolacja zaka\u017conych i kwarantanna os\u00f3b, z kt\u00f3rymi mia\u0142y one kontakt. Oczywi\u015bcie nic nie stoi na przeszkodzie, by jednocze\u015bnie stosowa\u0107 r\u00f3\u017cne metody \u2013 i to si\u0119 zreszt\u0105 dzieje. Chocia\u017c&#8230; ale o tym za chwil\u0119.<\/p>\n<p style=\"text-align: justify;\">Noszenie maseczek czy cz\u0119ste mycie r\u0105k to z kolei sposoby na to, by zmniejszy\u0107 <em>prawdopodobie\u0144stwo<\/em> zaka\u017cenia w sytuacji, gdy dojdzie ju\u017c do kontaktu z nosicielem \u2013 bezpo\u015bredniego\u00a0 lub po\u015bredniego, poprzez przedmioty, kt\u00f3rych ten dotyka\u0142, zakicha\u0142, zakaszla\u0142 czy zaoddycha\u0142.<\/p>\n<p style=\"text-align: justify;\">Instagramerka (czy te\u017c tiktokerka) od #coronaviruschallenge (czyli lizania kibla) <a href=\"https:\/\/kobieta.gazeta.pl\/kobieta\/7,173970,25825499,znany-youtuber-podjal-coronavirus-challenge-teraz-walczy.html\">co\u015b wie na ten temat<\/a>.<\/p>\n<p style=\"text-align: justify;\">I tu wracamy do naszego polskiego sukcesu i jednocze\u015bnie uznajemy, \u017ce obszerny wst\u0119p mamy ju\u017c za sob\u0105, a wi\u0119c przyszed\u0142 wreszcie czas na Jacka Gmocha w krainie wykres\u00f3w.<\/p>\n<p style=\"text-align: justify;\">Chocia\u017c bez strza\u0142ek.<\/p>\n<h2>Metokurdedologia<\/h2>\n<p style=\"text-align: justify;\">Skoro towarzysz Adamczyk raczy\u0142 powiedzie\u0107, \u017ce \u201epolska strategia walki z epidemi\u0105 przynosi o wiele lepsze rezultaty ni\u017c w innych cz\u0119\u015bciach Europy\u201d to nie pozostaje nic innego, jak tylko por\u00f3wna\u0107 efekty polskiej strategii z efektami, jakie osi\u0105gaj\u0105 owe inne cz\u0119\u015bci Europy.<\/p>\n<p style=\"text-align: justify;\">\u017beby to zrobi\u0107, si\u0119gn\u0105\u0142em po <a href=\"https:\/\/www.ecdc.europa.eu\/en\/publications-data\/download-todays-data-geographic-distribution-covid-19-cases-worldwide\">dane gromadzone przez Uni\u0119 Europejsk\u0105 dotycz\u0105ce dziennej liczby zidentyfikowanych przypadk\u00f3w<\/a>. Co prawda zbi\u00f3r ten obejmuje ca\u0142y \u015bwiat, ja jednak ogranicz\u0119 si\u0119 tylko do Unii Europejskiej \u2013 \u017ceby nie przesadza\u0107 z liczb\u0105 wykres\u00f3w.<\/p>\n<p style=\"text-align: justify;\">Zreszt\u0105, w\u015br\u00f3d tych kraj\u00f3w s\u0105 te, kt\u00f3rym epidemia koronawirusa zada\u0142a najbardziej dotkliwe straty, wi\u0119c ich \u201estrategia walki z epidemi\u0105\u201d przynosi najgorsze rezultaty, wi\u0119c bez obaw! Na takim tle Polska z pewno\u015bci\u0105 b\u0119dzie b\u0142yszcze\u0107, towarzyszu Adamczyk!<\/p>\n<p style=\"text-align: justify;\">Jako pocz\u0105tek \u201ewalki\u201d przyj\u0105\u0142em moment na\u0142o\u017cenia lockdownu, czyli tego elementu, kt\u00f3ry powinien mie\u0107 najwi\u0119kszy wp\u0142yw na rozprzestrzenianie si\u0119 wirusa. Oczywi\u015bcie, lockdown lockdownowi nier\u00f3wny, dlatego dodatkowo opar\u0142em si\u0119 o <a href=\"https:\/\/www.bsg.ox.ac.uk\/research\/research-projects\/coronavirus-government-response-tracker\">badania Oxford COVID-19 Government Response Tracker<\/a>, realizowanego przez oksfordzk\u0105 Blavatnik School of Government. Analizowane s\u0105 w nim dzia\u0142ania podejmowane przez poszczeg\u00f3lne pa\u0144stwa, a si\u0142a ogranicze\u0144 na\u0142o\u017conych na spo\u0142ecze\u0144stwa i gospodark\u0119 jest wyra\u017cana liczbowo, jako Stringency Index \u2013 wska\u017anik si\u0142y ogranicze\u0144.<\/p>\n<p style=\"text-align: justify;\">Za pocz\u0105tek lockdownu w poszczeg\u00f3lnych pa\u0144stwach przyj\u0105\u0142em dzie\u0144, w kt\u00f3rym Stringency Index osi\u0105gn\u0105\u0142 lub przekroczy\u0142 warto\u015b\u0107 71 \u2013 tak\u0105, jak\u0105 mia\u0142 w Polsce 13 marca, <a href=\"https:\/\/polskieradio24.pl\/5\/1222\/Artykul\/2473173,Premier-wprowadzilismy-stan-zagrozenia-epidemicznego\">w dniu wprowadzenia stanu zagro\u017cenia epidemicznego<\/a>.<\/p>\n<div id=\"attachment_5116\" style=\"width: 860px\" class=\"wp-caption aligncenter\"><a href=\"https:\/\/www.maltreting.pl\/wp-content\/uploads\/2020\/05\/covid-lockdown.jpg\"><img aria-describedby=\"caption-attachment-5116\" decoding=\"async\" loading=\"lazy\" class=\"size-large wp-image-5116\" src=\"https:\/\/www.maltreting.pl\/wp-content\/uploads\/2020\/05\/covid-lockdown-1024x211.jpg\" alt=\"COVID - daty lockdownu\" width=\"850\" height=\"175\" srcset=\"https:\/\/www.maltreting.pl\/wp-content\/uploads\/2020\/05\/covid-lockdown-1024x211.jpg 1024w, https:\/\/www.maltreting.pl\/wp-content\/uploads\/2020\/05\/covid-lockdown-300x62.jpg 300w, https:\/\/www.maltreting.pl\/wp-content\/uploads\/2020\/05\/covid-lockdown-768x158.jpg 768w, https:\/\/www.maltreting.pl\/wp-content\/uploads\/2020\/05\/covid-lockdown-850x175.jpg 850w, https:\/\/www.maltreting.pl\/wp-content\/uploads\/2020\/05\/covid-lockdown-150x31.jpg 150w, https:\/\/www.maltreting.pl\/wp-content\/uploads\/2020\/05\/covid-lockdown.jpg 1454w\" sizes=\"(max-width: 850px) 100vw, 850px\" \/><\/a><p id=\"caption-attachment-5116\" class=\"wp-caption-text\">\u0179r\u00f3d\u0142o danych: badania Oxford COVID-19 Government Response Tracker; niestety, jak zauwa\u017cy bystre oko, w badaniu nie uj\u0119to kilku kraj\u00f3w UE: \u0141otwy, Litwy i Malty. Towarzyszu Adamczyk \u2013 w razie czego macie si\u0119 czego czepia\u0107!<\/p><\/div>\n<p style=\"text-align: justify;\">Lockdown nie jest jednak niezmienny: niemal we wszystkich przypadkach zaostrza\u0142 si\u0119 w stosunku do pierwszego dnia obowi\u0105zywania (chocia\u017cby ze wzgl\u0119du na r\u00f3\u017cne \u201evacatio legis\u201d dla poszczeg\u00f3lnych ogranicze\u0144). Poni\u017cej zestawi\u0142em najwy\u017csze warto\u015bci Stringency Index w poszczeg\u00f3lnych krajach Unii.<\/p>\n<div id=\"attachment_5117\" style=\"width: 910px\" class=\"wp-caption aligncenter\"><a href=\"https:\/\/www.maltreting.pl\/wp-content\/uploads\/2020\/05\/covid-lockdown-indeks.jpg\"><img aria-describedby=\"caption-attachment-5117\" decoding=\"async\" loading=\"lazy\" class=\"size-full wp-image-5117\" src=\"https:\/\/www.maltreting.pl\/wp-content\/uploads\/2020\/05\/covid-lockdown-indeks.jpg\" alt=\"COVID Stringency Index\" width=\"900\" height=\"432\" srcset=\"https:\/\/www.maltreting.pl\/wp-content\/uploads\/2020\/05\/covid-lockdown-indeks.jpg 900w, https:\/\/www.maltreting.pl\/wp-content\/uploads\/2020\/05\/covid-lockdown-indeks-300x144.jpg 300w, https:\/\/www.maltreting.pl\/wp-content\/uploads\/2020\/05\/covid-lockdown-indeks-768x369.jpg 768w, https:\/\/www.maltreting.pl\/wp-content\/uploads\/2020\/05\/covid-lockdown-indeks-729x350.jpg 729w, https:\/\/www.maltreting.pl\/wp-content\/uploads\/2020\/05\/covid-lockdown-indeks-150x72.jpg 150w\" sizes=\"(max-width: 900px) 100vw, 900px\" \/><\/a><p id=\"caption-attachment-5117\" class=\"wp-caption-text\">\u0179r\u00f3d\u0142o danych: badania Oxford COVID-19 Government Response Tracker<\/p><\/div>\n<p style=\"text-align: justify;\">Jak wida\u0107, Polska nale\u017cy do tych kraj\u00f3w, w kt\u00f3rych zosta\u0142y na\u0142o\u017cone najostrzejsze ograniczenia.<\/p>\n<p style=\"text-align: justify;\">A efekty?<\/p>\n<h2>\u201eO wiele lepsze rezultaty polskiej strategii walki z epidemi\u0105\u201d na wykresach<\/h2>\n<p style=\"text-align: justify;\">Te mo\u017cna wst\u0119pnie oceni\u0107 na wykresach, przedstawiaj\u0105cych liczb\u0119 przypadk\u00f3w odnotowywanych dziennie przypadk\u00f3w zaka\u017ce\u0144. Tu s\u0105 one w postaci zupe\u0142nie surowej&#8230;<\/p>\n<div id=\"attachment_5118\" style=\"width: 860px\" class=\"wp-caption aligncenter\"><a href=\"https:\/\/www.maltreting.pl\/wp-content\/uploads\/2020\/05\/covid-liczba-przypadkow.jpg\"><img aria-describedby=\"caption-attachment-5118\" decoding=\"async\" loading=\"lazy\" class=\"size-large wp-image-5118\" src=\"https:\/\/www.maltreting.pl\/wp-content\/uploads\/2020\/05\/covid-liczba-przypadkow-1024x994.jpg\" alt=\"COVID liczba przypadk\u00f3w\" width=\"850\" height=\"825\" srcset=\"https:\/\/www.maltreting.pl\/wp-content\/uploads\/2020\/05\/covid-liczba-przypadkow-1024x994.jpg 1024w, https:\/\/www.maltreting.pl\/wp-content\/uploads\/2020\/05\/covid-liczba-przypadkow-300x291.jpg 300w, https:\/\/www.maltreting.pl\/wp-content\/uploads\/2020\/05\/covid-liczba-przypadkow-768x746.jpg 768w, https:\/\/www.maltreting.pl\/wp-content\/uploads\/2020\/05\/covid-liczba-przypadkow-360x350.jpg 360w, https:\/\/www.maltreting.pl\/wp-content\/uploads\/2020\/05\/covid-liczba-przypadkow-150x146.jpg 150w, https:\/\/www.maltreting.pl\/wp-content\/uploads\/2020\/05\/covid-liczba-przypadkow.jpg 1237w\" sizes=\"(max-width: 850px) 100vw, 850px\" \/><\/a><p id=\"caption-attachment-5118\" class=\"wp-caption-text\">Dzienna liczba nowych przypadk\u00f3w w 35 kolejnych dniach po wprowadzeniu lockdownu; z zestawienia usun\u0105\u0142em Grecj\u0119 &#8211; wprowadzi\u0142a lockdown na tyle p\u00f3\u017ano, \u017ce do dnia publikacji wpisu nie min\u0119\u0142o jeszcze 35 dni<\/p><\/div>\n<p style=\"text-align: justify;\">&#8230;a tu \u2013 wyg\u0142adzone, dzi\u0119ki 7-dniowej \u015bredniej ruchomej: ka\u017cdy punkt na wykresie to \u015brednia z danego dnia i 6 poprzednich dni (poza pierwszym tygodniem, zaznaczonym na szaro, gdzie im bli\u017cej lewej kraw\u0119dzi wykresu, z tym kr\u00f3tszego okresu wyci\u0105gana jest \u015brednia). \u015arednia ruchoma co prawda wizualnie op\u00f3\u017ania moment, w kt\u00f3rym liczba zaka\u017ce\u0144 zaczyna reagowa\u0107 na wprowadzone ograniczenia, ale za to uwypukla trend, dzi\u0119ki czemu u\u0142atwia por\u00f3wnywanie danych pomi\u0119dzy poszczeg\u00f3lnymi krajami.<\/p>\n<div id=\"attachment_5119\" style=\"width: 860px\" class=\"wp-caption aligncenter\"><a href=\"https:\/\/www.maltreting.pl\/wp-content\/uploads\/2020\/05\/covid-liczba-przypadkow-7d.jpg\"><img aria-describedby=\"caption-attachment-5119\" decoding=\"async\" loading=\"lazy\" class=\"size-large wp-image-5119\" src=\"https:\/\/www.maltreting.pl\/wp-content\/uploads\/2020\/05\/covid-liczba-przypadkow-7d-1024x994.jpg\" alt=\"COVID liczba nowych zaka\u017ce\u0144, \u015brednia 7d\" width=\"850\" height=\"825\" srcset=\"https:\/\/www.maltreting.pl\/wp-content\/uploads\/2020\/05\/covid-liczba-przypadkow-7d-1024x994.jpg 1024w, https:\/\/www.maltreting.pl\/wp-content\/uploads\/2020\/05\/covid-liczba-przypadkow-7d-300x291.jpg 300w, https:\/\/www.maltreting.pl\/wp-content\/uploads\/2020\/05\/covid-liczba-przypadkow-7d-768x746.jpg 768w, https:\/\/www.maltreting.pl\/wp-content\/uploads\/2020\/05\/covid-liczba-przypadkow-7d-360x350.jpg 360w, https:\/\/www.maltreting.pl\/wp-content\/uploads\/2020\/05\/covid-liczba-przypadkow-7d-150x146.jpg 150w, https:\/\/www.maltreting.pl\/wp-content\/uploads\/2020\/05\/covid-liczba-przypadkow-7d.jpg 1237w\" sizes=\"(max-width: 850px) 100vw, 850px\" \/><\/a><p id=\"caption-attachment-5119\" class=\"wp-caption-text\">Dzienna liczba przypadk\u00f3w w 35 kolejnych dniach po wprowadzeniu lockdownu, 7-dniowa \u015brednia krocz\u0105ca<\/p><\/div>\n<p style=\"text-align: justify;\">I co, Panie Adamczyk? Tak sobie, nie?<\/p>\n<p style=\"text-align: justify;\">Polska wygl\u0105da, jakby walka z epidemi\u0105 wychodzi\u0142a jej co najwy\u017cej tak sobie, prawda?<\/p>\n<p style=\"text-align: justify;\">Nie poprzestawajmy jednak na subiektywnej ocenie na oko \u2013 sprawd\u017amy twarde liczby. Konkretnie dynamik\u0119 zaka\u017ce\u0144 w kolejnych tygodniach po wprowadzeniu lockdownu.<\/p>\n<p style=\"text-align: justify;\">Tu kilka uwag:<\/p>\n<ul style=\"text-align: justify;\">\n<li>jako \u017ce daty wprowadzenia lockdownu s\u0105 r\u00f3\u017cne w poszczeg\u00f3lnych krajach, to widoczne na wykresach okresy 4-tygodniowe s\u0105 co prawda tej samej d\u0142ugo\u015bci (4 tygodnie, nie?), ale zaczynaj\u0105 si\u0119 one i ko\u0144cz\u0105 w r\u00f3\u017cnych dniach, odpowiednio do dat wprowadzenia lockdown\u00f3w; i tak na przyk\u0142ad dla Polski jest to 13 marca, dla W\u0142och 4 marca, a dla Niemiec \u2013 22 marca,<\/li>\n<li>w zwi\u0105zku z tym, \u017ce podj\u0119te przez rz\u0105dy dzia\u0142ania przek\u0142adaj\u0105 si\u0119 na dynamik\u0119 zaka\u017ce\u0144 z pewnym op\u00f3\u017anieniem (od zaka\u017cenia do zidentyfikowania si\u0142\u0105 rzeczy musi up\u0142yn\u0105\u0107 pewien czas), to dynamik\u0119 w pierwszym tygodniu nale\u017cy traktowa\u0107 jedynie jako punkt odniesienia dla warto\u015bci w kolejnych tygodniach.<\/li>\n<li>przez dynamik\u0119 rozumiem procentowy przyrost \u0142\u0105cznej liczby wszystkich potwierdzonych przypadk\u00f3w COVID-19 w ci\u0105gu danego tygodnia<\/li>\n<\/ul>\n<div id=\"attachment_5120\" style=\"width: 907px\" class=\"wp-caption aligncenter\"><a href=\"https:\/\/www.maltreting.pl\/wp-content\/uploads\/2020\/05\/covid-dynamika-tygodnie-1.jpg\"><img aria-describedby=\"caption-attachment-5120\" decoding=\"async\" loading=\"lazy\" class=\"size-full wp-image-5120\" src=\"https:\/\/www.maltreting.pl\/wp-content\/uploads\/2020\/05\/covid-dynamika-tygodnie-1.jpg\" alt=\"\" width=\"897\" height=\"321\" srcset=\"https:\/\/www.maltreting.pl\/wp-content\/uploads\/2020\/05\/covid-dynamika-tygodnie-1.jpg 897w, https:\/\/www.maltreting.pl\/wp-content\/uploads\/2020\/05\/covid-dynamika-tygodnie-1-300x107.jpg 300w, https:\/\/www.maltreting.pl\/wp-content\/uploads\/2020\/05\/covid-dynamika-tygodnie-1-768x275.jpg 768w, https:\/\/www.maltreting.pl\/wp-content\/uploads\/2020\/05\/covid-dynamika-tygodnie-1-850x304.jpg 850w, https:\/\/www.maltreting.pl\/wp-content\/uploads\/2020\/05\/covid-dynamika-tygodnie-1-150x54.jpg 150w\" sizes=\"(max-width: 897px) 100vw, 897px\" \/><\/a><p id=\"caption-attachment-5120\" class=\"wp-caption-text\">to&#8230;<\/p><\/div>\n<div id=\"attachment_5121\" style=\"width: 907px\" class=\"wp-caption aligncenter\"><a href=\"https:\/\/www.maltreting.pl\/wp-content\/uploads\/2020\/05\/covid-dynamika-tygodnie-2.jpg\"><img aria-describedby=\"caption-attachment-5121\" decoding=\"async\" loading=\"lazy\" class=\"size-full wp-image-5121\" src=\"https:\/\/www.maltreting.pl\/wp-content\/uploads\/2020\/05\/covid-dynamika-tygodnie-2.jpg\" alt=\"\" width=\"897\" height=\"321\" srcset=\"https:\/\/www.maltreting.pl\/wp-content\/uploads\/2020\/05\/covid-dynamika-tygodnie-2.jpg 897w, https:\/\/www.maltreting.pl\/wp-content\/uploads\/2020\/05\/covid-dynamika-tygodnie-2-300x107.jpg 300w, https:\/\/www.maltreting.pl\/wp-content\/uploads\/2020\/05\/covid-dynamika-tygodnie-2-768x275.jpg 768w, https:\/\/www.maltreting.pl\/wp-content\/uploads\/2020\/05\/covid-dynamika-tygodnie-2-850x304.jpg 850w, https:\/\/www.maltreting.pl\/wp-content\/uploads\/2020\/05\/covid-dynamika-tygodnie-2-150x54.jpg 150w\" sizes=\"(max-width: 897px) 100vw, 897px\" \/><\/a><p id=\"caption-attachment-5121\" class=\"wp-caption-text\">&#8230;mi&#8230;<\/p><\/div>\n<div id=\"attachment_5122\" style=\"width: 907px\" class=\"wp-caption aligncenter\"><a href=\"https:\/\/www.maltreting.pl\/wp-content\/uploads\/2020\/05\/covid-dynamika-tygodnie-3.jpg\"><img aria-describedby=\"caption-attachment-5122\" decoding=\"async\" loading=\"lazy\" class=\"size-full wp-image-5122\" src=\"https:\/\/www.maltreting.pl\/wp-content\/uploads\/2020\/05\/covid-dynamika-tygodnie-3.jpg\" alt=\"\" width=\"897\" height=\"321\" srcset=\"https:\/\/www.maltreting.pl\/wp-content\/uploads\/2020\/05\/covid-dynamika-tygodnie-3.jpg 897w, https:\/\/www.maltreting.pl\/wp-content\/uploads\/2020\/05\/covid-dynamika-tygodnie-3-300x107.jpg 300w, https:\/\/www.maltreting.pl\/wp-content\/uploads\/2020\/05\/covid-dynamika-tygodnie-3-768x275.jpg 768w, https:\/\/www.maltreting.pl\/wp-content\/uploads\/2020\/05\/covid-dynamika-tygodnie-3-850x304.jpg 850w, https:\/\/www.maltreting.pl\/wp-content\/uploads\/2020\/05\/covid-dynamika-tygodnie-3-150x54.jpg 150w\" sizes=\"(max-width: 897px) 100vw, 897px\" \/><\/a><p id=\"caption-attachment-5122\" class=\"wp-caption-text\">&#8230;nie wygl\u0105da&#8230;<\/p><\/div>\n<div id=\"attachment_5123\" style=\"width: 907px\" class=\"wp-caption aligncenter\"><a href=\"https:\/\/www.maltreting.pl\/wp-content\/uploads\/2020\/05\/covid-dynamika-tygodnie-4.jpg\"><img aria-describedby=\"caption-attachment-5123\" decoding=\"async\" loading=\"lazy\" class=\"size-full wp-image-5123\" src=\"https:\/\/www.maltreting.pl\/wp-content\/uploads\/2020\/05\/covid-dynamika-tygodnie-4.jpg\" alt=\"\" width=\"897\" height=\"321\" srcset=\"https:\/\/www.maltreting.pl\/wp-content\/uploads\/2020\/05\/covid-dynamika-tygodnie-4.jpg 897w, https:\/\/www.maltreting.pl\/wp-content\/uploads\/2020\/05\/covid-dynamika-tygodnie-4-300x107.jpg 300w, https:\/\/www.maltreting.pl\/wp-content\/uploads\/2020\/05\/covid-dynamika-tygodnie-4-768x275.jpg 768w, https:\/\/www.maltreting.pl\/wp-content\/uploads\/2020\/05\/covid-dynamika-tygodnie-4-850x304.jpg 850w, https:\/\/www.maltreting.pl\/wp-content\/uploads\/2020\/05\/covid-dynamika-tygodnie-4-150x54.jpg 150w\" sizes=\"(max-width: 897px) 100vw, 897px\" \/><\/a><p id=\"caption-attachment-5123\" class=\"wp-caption-text\">&#8230;na&#8230;<\/p><\/div>\n<div id=\"attachment_5124\" style=\"width: 907px\" class=\"wp-caption aligncenter\"><a href=\"https:\/\/www.maltreting.pl\/wp-content\/uploads\/2020\/05\/covid-dynamika-tygodnie-5.jpg\"><img aria-describedby=\"caption-attachment-5124\" decoding=\"async\" loading=\"lazy\" class=\"size-full wp-image-5124\" src=\"https:\/\/www.maltreting.pl\/wp-content\/uploads\/2020\/05\/covid-dynamika-tygodnie-5.jpg\" alt=\"\" width=\"897\" height=\"321\" srcset=\"https:\/\/www.maltreting.pl\/wp-content\/uploads\/2020\/05\/covid-dynamika-tygodnie-5.jpg 897w, https:\/\/www.maltreting.pl\/wp-content\/uploads\/2020\/05\/covid-dynamika-tygodnie-5-300x107.jpg 300w, https:\/\/www.maltreting.pl\/wp-content\/uploads\/2020\/05\/covid-dynamika-tygodnie-5-768x275.jpg 768w, https:\/\/www.maltreting.pl\/wp-content\/uploads\/2020\/05\/covid-dynamika-tygodnie-5-850x304.jpg 850w, https:\/\/www.maltreting.pl\/wp-content\/uploads\/2020\/05\/covid-dynamika-tygodnie-5-150x54.jpg 150w\" sizes=\"(max-width: 897px) 100vw, 897px\" \/><\/a><p id=\"caption-attachment-5124\" class=\"wp-caption-text\">&#8230;sukces?<\/p><\/div>\n<p style=\"text-align: justify;\">Co wida\u0107?<\/p>\n<p style=\"text-align: justify;\">Polska jest <strong>daaaaleko w ogonie<\/strong> walki z koronawirusem, z du\u017c\u0105 strat\u0105 nawet do peletonu, a co dopiero m\u00f3wi\u0107 o czo\u0142\u00f3wce. <strong>Mimo jednego z najsilniejszych lockdown\u00f3w na kontynencie, w t\u0142umieniu epidemii osi\u0105gamy jedne z najgorszych wynik\u00f3w.<\/strong> Je\u015bli oderwa\u0107 si\u0119 od terminu wprowadzenia ogranicze\u0144 i spojrze\u0107 na wyniki w kwietniu, to oka\u017ce si\u0119, \u017ce nasza \u201eskuteczno\u015b\u0107\u201d plasuje nas w okolicach Wielkiej Brytanii czy Szwecji, kt\u00f3re swoje dzia\u0142ania podj\u0119\u0142y p\u00f3\u017ano lub nie podj\u0119\u0142y ich wcale (chocia\u017c to mo\u017ce nieco krzywdz\u0105ca opinia w stosunku do Szwecji, kt\u00f3ra nie na\u0142o\u017cy\u0142a co prawda silnych instytucjonalnych restrykcji, ale jednak apeluje o pozostanie w domach, licz\u0105c na samodyscyplin\u0119 obywateli; z drugiej strony w Szwecji liczba zaka\u017ce\u0144 mo\u017ce by\u0107 istotnie zani\u017cona, bo kraj ten <a href=\"https:\/\/www.thelocal.se\/20200320\/fact-check-has-sweden-stopped-testing-people-for-the-coronavirus\">zmieni\u0142 swoj\u0105 polityk\u0119 test\u00f3w<\/a>).<\/p>\n<div id=\"attachment_5127\" style=\"width: 907px\" class=\"wp-caption aligncenter\"><a href=\"https:\/\/www.maltreting.pl\/wp-content\/uploads\/2020\/05\/covid-dynamika-kwiecien.jpg\"><img aria-describedby=\"caption-attachment-5127\" decoding=\"async\" loading=\"lazy\" class=\"size-full wp-image-5127\" src=\"https:\/\/www.maltreting.pl\/wp-content\/uploads\/2020\/05\/covid-dynamika-kwiecien.jpg\" alt=\"\" width=\"897\" height=\"321\" srcset=\"https:\/\/www.maltreting.pl\/wp-content\/uploads\/2020\/05\/covid-dynamika-kwiecien.jpg 897w, https:\/\/www.maltreting.pl\/wp-content\/uploads\/2020\/05\/covid-dynamika-kwiecien-300x107.jpg 300w, https:\/\/www.maltreting.pl\/wp-content\/uploads\/2020\/05\/covid-dynamika-kwiecien-768x275.jpg 768w, https:\/\/www.maltreting.pl\/wp-content\/uploads\/2020\/05\/covid-dynamika-kwiecien-850x304.jpg 850w, https:\/\/www.maltreting.pl\/wp-content\/uploads\/2020\/05\/covid-dynamika-kwiecien-150x54.jpg 150w\" sizes=\"(max-width: 897px) 100vw, 897px\" \/><\/a><p id=\"caption-attachment-5127\" class=\"wp-caption-text\">Takie spojrzenie&#8230;<\/p><\/div>\n<div id=\"attachment_5128\" style=\"width: 907px\" class=\"wp-caption aligncenter\"><a href=\"https:\/\/www.maltreting.pl\/wp-content\/uploads\/2020\/05\/covid-dynamika-kwiecien-h2.jpg\"><img aria-describedby=\"caption-attachment-5128\" decoding=\"async\" loading=\"lazy\" class=\"size-full wp-image-5128\" src=\"https:\/\/www.maltreting.pl\/wp-content\/uploads\/2020\/05\/covid-dynamika-kwiecien-h2.jpg\" alt=\"\" width=\"897\" height=\"321\" srcset=\"https:\/\/www.maltreting.pl\/wp-content\/uploads\/2020\/05\/covid-dynamika-kwiecien-h2.jpg 897w, https:\/\/www.maltreting.pl\/wp-content\/uploads\/2020\/05\/covid-dynamika-kwiecien-h2-300x107.jpg 300w, https:\/\/www.maltreting.pl\/wp-content\/uploads\/2020\/05\/covid-dynamika-kwiecien-h2-768x275.jpg 768w, https:\/\/www.maltreting.pl\/wp-content\/uploads\/2020\/05\/covid-dynamika-kwiecien-h2-850x304.jpg 850w, https:\/\/www.maltreting.pl\/wp-content\/uploads\/2020\/05\/covid-dynamika-kwiecien-h2-150x54.jpg 150w\" sizes=\"(max-width: 897px) 100vw, 897px\" \/><\/a><p id=\"caption-attachment-5128\" class=\"wp-caption-text\">&#8230;te\u017c nie napawa szczeg\u00f3ln\u0105 otuch\u0105.<\/p><\/div>\n<p style=\"text-align: justify;\">No i a propos Wielkiej Brytanii, tej w zasadzie w og\u00f3le na tych wykresach nie powinno by\u0107, skoro analizowa\u0142em jedynie kraje UE. Ale jest \u2013 g\u0142\u00f3wnie po to, \u017ceby by\u0142o nam mniej przykro.<\/p>\n<p style=\"text-align: justify;\"><strong>Polska notuje wyniki gorsze (!) ni\u017c W\u0142ochy, Hiszpania czy Francja<\/strong>, kt\u00f3rym tak \u0142atwo przypisywali\u015bmy przecie\u017c lekcewa\u017cenie problemu, podej\u015bcie do niego w trybie permanentnego <em>ma\u00f1ana<\/em> czy tradycyjne wywieszanie bia\u0142ej flagi. A przecie\u017c te kraje musia\u0142y opanowa\u0107 nie epidemi\u0119, w kt\u00f3rej maj\u0105 12 tysi\u0119cy os\u00f3b zaka\u017conych w ci\u0105gu p\u00f3\u0142tora miesi\u0105ca, ale epidemi\u0119, w kt\u00f3rej szczytowym momencie 12 tysi\u0119cy nowych zaka\u017ce\u0144 to by\u0142a kwestia p\u00f3\u0142tora dnia. A to naprawd\u0119 zupe\u0142nie inna skala problemu.<\/p>\n<p style=\"text-align: justify;\">A wi\u0119c, towarzyszu Adamczyk \u2013 mieli\u015bcie prawie racj\u0119 z t\u0105 polsk\u0105 strategi\u0105 i rezultatami. Prawie, bo nie osi\u0105gamy o wiele <em>lepszych<\/em> rezultat\u00f3w ni\u017c inne kraje europejskie. Osi\u0105gamy <em>gorsze<\/em>.<\/p>\n<p style=\"text-align: justify;\">Ale mo\u017ce nie jest tak \u017ale, mimo \u017ce jeste\u015bmy gorsi? W ko\u0144cu nie we wszystkim musimy by\u0107 najlepsi, a zachorowa\u0144 rzeczywi\u015bcie odnotowali\u015bmy ma\u0142o.<\/p>\n<p style=\"text-align: justify;\">Niestety, jest \u017ale. M\u00f3wi\u0105c kr\u00f3tko: jeste\u015bmy w dupie.<\/p>\n<h2>Je\u015bli nic si\u0119 nie zmieni, to zgnijemy w tym lockdownie<\/h2>\n<p style=\"text-align: justify;\">Jasne, mamy nisk\u0105 liczb\u0119 zachorowa\u0144 oraz ofiar, zar\u00f3wno w liczbach bezwzgl\u0119dnych, jak i w przeliczeniu na milion mieszka\u0144c\u00f3w. Tylko \u017ce to zaleta <em>szybkiego<\/em> lockdownu, a nie jego <em>skuteczno\u015bci \u2013<\/em> a to w\u0142a\u015bnie skuteczno\u015b\u0107 dzia\u0142a\u0144 si\u0119 liczy, je\u015bli mamy chocia\u017c marzy\u0107 o powrocie do normalno\u015bci.<\/p>\n<p style=\"text-align: justify;\">Sp\u00f3jrzmy jeszcze raz na wykres prezentuj\u0105cy liczb\u0119 nowych przypadk\u00f3w, potwierdzanych w Polsce w kolejnych dniach:<\/p>\n<p style=\"text-align: justify;\"><a href=\"https:\/\/www.maltreting.pl\/wp-content\/uploads\/2020\/05\/covid-przypadki-pl.jpg\"><img decoding=\"async\" loading=\"lazy\" class=\"aligncenter size-full wp-image-5129\" src=\"https:\/\/www.maltreting.pl\/wp-content\/uploads\/2020\/05\/covid-przypadki-pl.jpg\" alt=\"\" width=\"897\" height=\"321\" srcset=\"https:\/\/www.maltreting.pl\/wp-content\/uploads\/2020\/05\/covid-przypadki-pl.jpg 897w, https:\/\/www.maltreting.pl\/wp-content\/uploads\/2020\/05\/covid-przypadki-pl-300x107.jpg 300w, https:\/\/www.maltreting.pl\/wp-content\/uploads\/2020\/05\/covid-przypadki-pl-768x275.jpg 768w, https:\/\/www.maltreting.pl\/wp-content\/uploads\/2020\/05\/covid-przypadki-pl-850x304.jpg 850w, https:\/\/www.maltreting.pl\/wp-content\/uploads\/2020\/05\/covid-przypadki-pl-150x54.jpg 150w\" sizes=\"(max-width: 897px) 100vw, 897px\" \/><\/a><\/p>\n<p style=\"text-align: justify;\">Z dok\u0142adno\u015bci\u0105 do niczego nie przes\u0105dzaj\u0105cego gibni\u0119cia na prze\u0142omie kwietnia i maja, od ponad miesi\u0105ca zaka\u017cenia utrzymuj\u0105 si\u0119 z grubsza na tym samym poziomie, oko\u0142o 350 przypadk\u00f3w dziennie. Co to oznacza? <strong>Ano to, \u017ce jedna osoba zaka\u017ca \u015brednio jedn\u0105 kolejn\u0105 osob\u0119.<\/strong> <strong>Je\u015bli zaczniemy znosi\u0107 ograniczenia (a przecie\u017c w\u0142a\u015bnie zaczynamy!), b\u0119dzie prawdopodobnie zaka\u017ca\u0107 wi\u0119cej.<\/strong><\/p>\n<p style=\"text-align: justify;\">A to z kolei znaczy, \u017ce<strong> epidemia znowu zacznie si\u0119 rozwija\u0107<\/strong>.<\/p>\n<p style=\"text-align: justify;\">Oczywi\u015bcie, trzeba tu zastrzec, \u017ce epidemia nie musi od razu \u201ehukn\u0105\u0107\u201d \u2013 zapewne cz\u0119\u015b\u0107 z wprowadzonych ogranicze\u0144 hamowa\u0142a transmisj\u0119 wirusa jedynie w niewielkim czy nawet pomijalnym stopniu. Mo\u017ce si\u0119 na przyk\u0142ad okaza\u0107, \u017ce ryzyko zwi\u0105zane z przelotnymi kontaktami z zaka\u017conymi w galeriach handlowych nie jest du\u017ce i ich otwarcie nie prze\u0142o\u017cy si\u0119 na znaczny \u2013 albo nawet zauwa\u017calny \u2013 wzrost liczby zachorowa\u0144. Ale co dalej? Ka\u017cemy pracownikom otwartych w\u0142a\u015bnie galerii dyla\u0107 do roboty na piechot\u0119, by nie t\u0142oczyli si\u0119 w komunikacji miejskiej? Pozostawimy zamkni\u0119te szko\u0142y? Uczelnie?<\/p>\n<p style=\"text-align: justify;\">\u017be ju\u017c o kinach czy restauracjach, jako miejscach zupe\u0142nie niepotrzebnego spo\u0142ecze\u0144stwu zbytku, nie wspomn\u0119&#8230;<\/p>\n<p style=\"text-align: justify;\">(Szczeg\u00f3lnie niepotrzebnego w\u0142a\u015bcicielom restauracji i ich pracownikom!)<\/p>\n<p style=\"text-align: justify;\">Tak czy inaczej, je\u015bli jeden zaka\u017cony \u015brednio rzecz bior\u0105c zaka\u017ca jedn\u0105 kolejn\u0105 osob\u0119, to znaczy, \u017ce <strong>nie mamy pola do luzowania obostrze\u0144<\/strong> \u2013 a na pewno mamy je mniejsze, ni\u017c w innych krajach.<\/p>\n<p style=\"text-align: justify;\">I to pomimo tego, \u017ce nasz lockdown jest jednym z najsilniejszych. Naj-sil-niej-szych. Rzucili\u015bmy na szale niemal wszystkie nasze si\u0142y i p\u00f3ki co w zwarciu z wirusem mamy zaledwie remis. <strong>Musimy <em>zmniejsza\u0107<\/em>, i to wyra\u017anie, liczb\u0119 nowych zachorowa\u0144<\/strong>, a tymczasem, pot\u0119\u017cnym nak\u0142adem si\u0142, uda\u0142o si\u0119 j\u0105 zaledwie <em>ustabilizowa\u0107<\/em>.<\/p>\n<p style=\"text-align: justify;\">Ale jak to si\u0119 sta\u0142o, \u017ce silniejsze ograniczenia nie zadzia\u0142a\u0142y lepiej?<\/p>\n<h2>No w\u0142a\u015bnie, dlaczego?<\/h2>\n<p style=\"text-align: justify;\">Odpowied\u017a jest prosta \u2013 bo lockdown to nie wszystko.<\/p>\n<p style=\"text-align: justify;\">Co zawodzi, mo\u017cna si\u0119 jedynie domy\u015bla\u0107, nie maj\u0105c danych (a Ministerstwo Zdrowia nie dzieli si\u0119 nimi ch\u0119tnie), ale wydaje si\u0119, \u017ce szwankuje to, o czym m\u00f3wi si\u0119 od samego pocz\u0105tku: testy.<\/p>\n<p style=\"text-align: justify;\">Przy czym wbrew temu, co m\u00f3wi\u0105 tzw. wszyscy, nie chcia\u0142bym wnika\u0107 w to, czy test\u00f3w jest za ma\u0142o. Z pewno\u015bci\u0105 jest problem przynajmniej w ostatnich dniach, skoro nawet Ministerstwo Zdrowia <a href=\"https:\/\/wiadomosci.radiozet.pl\/Koronawirus\/Koronawirus.-Liczba-testow-w-Polsce-spada-od-3-dni.-Mamy-tlumaczenia-Ministerstwa-Zdrowia\">przyzna\u0142o, \u017ce wykorzystujemy zaledwie cz\u0119\u015b\u0107 obecnych mocy przerobowych<\/a>. Czy by\u0142 wcze\u015bniej, trudno mi oceni\u0107, ale przestrzega\u0142bym przed przeliczaniem liczby wykonanych test\u00f3w na milion mieszka\u0144c\u00f3w i wyci\u0105ganiem prostych wniosk\u00f3w typu \u201eje\u015bli kraj A wykona\u0142 wi\u0119cej test\u00f3w na milion mieszka\u0144c\u00f3w ni\u017c kraj B, to A testuje lepiej\u201d. Skoro generalnie testuje si\u0119 ludzi podejrzanych o COVID-19 (czyli takich, kt\u00f3rzy albo mieli kontakt z zara\u017conymi, albo wyst\u0119puj\u0105 u nich objawy tej choroby), to liczba wykonanych test\u00f3w zale\u017cy tak\u017ce od liczby faktycznie zaka\u017conych. Je\u015bli tych jest ma\u0142o, to i test\u00f3w si\u0142\u0105 rzeczy b\u0119dzie mniej \u2013 a w Polsce, dzi\u0119ki szybkiemu lockdownowi, zaka\u017ce\u0144 jest relatywnie ma\u0142o.<\/p>\n<p style=\"text-align: justify;\">Co wi\u0119c mo\u017ce by\u0107 nie tak z testami poza tym, \u017ce \u2013 by\u0107 mo\u017ce \u2013 jest ich wykonywanych zbyt ma\u0142o?<\/p>\n<p style=\"text-align: justify;\">S\u0105dz\u0105c z doniesie\u0144 medi\u00f3w, problemem jest \u017cenuj\u0105ca wr\u0119cz niesprawno\u015b\u0107 systemu test\u00f3w: d\u0142ugi czas oczekiwania na wyniki, chaos we wsp\u00f3\u0142pracy s\u0142u\u017cb, informacje o zaka\u017ceniach docieraj\u0105ce z op\u00f3\u017anieniem do wszystkich zainteresowanych stron. Przyk\u0142ady? Policja, kt\u00f3ra ma kontrolowa\u0107, czy pacjent przestrzega zasad kwarantanny, <a href=\"https:\/\/oko.press\/dzwonilem-chyba-200-razy-do-sanepidu-zero-kontaktu-historia-pacjenta-z-covid-19\/\">dostaje jego dane z Sanepidu dopiero po kilku dniach<\/a>. Albo pierwsz\u0105 wizyt\u0119 sk\u0142ada pacjentce dopiero, gdy ta&#8230; jest ju\u017c zdrowa \u2013 bo <a href=\"https:\/\/tvn24.pl\/magazyn-tvn24\/jestem-milena-mam-30-lat-chorowalam-na-covid-19,267,4681\">z tak du\u017cym op\u00f3\u017anieniem<\/a> dostaje jej dane z tej instytucji. Lekarz, kt\u00f3ry trafia do dwutygodniowej (!) kolejki oczekuj\u0105cych na test, inny, kt\u00f3remu si\u0119 tego testu odmawia, mimo objaw\u00f3w, i jeszcze inny, kt\u00f3ry czeka na wyniki ponad 5 dni \u2013 a to wszystko przypadki z <a href=\"https:\/\/polskatimes.pl\/epidemiczne-domino-pozbawione-wsparcia-i-ochrony-polskie-szpitale-padaja-jeden-po-drugim\/ar\/c1-14894913\">zaledwie jednego (!) artyku\u0142u<\/a>.<\/p>\n<p style=\"text-align: justify;\"><strong>A tymczasem sprawne dzia\u0142anie tego systemu to klucz do zduszenia epidemii<\/strong>, a w dalszej perspektywie \u2013 wzgl\u0119dnie normalnego funkcjonowania na planecie, kt\u00f3r\u0105 do czasu opracowania szczepionki lub leku na COVID-19 b\u0119dziemy musieli dzieli\u0107 z wirusem.<\/p>\n<h2>Po co s\u0105 testy?<\/h2>\n<p style=\"text-align: justify;\">Pierwsz\u0105, chyba najbardziej oczywist\u0105 funkcj\u0105 test\u00f3w, jest izolowanie zaka\u017conego \u2013 po to, by nie zaka\u017ca\u0142 kolejnych os\u00f3b. Im szybciej zostanie pobrana pr\u00f3bka i im szybciej b\u0119d\u0105 wyniki, tym szybciej zaka\u017cony trafi do izolacji i tym mniej b\u0119dzie mia\u0142 okazji do zaka\u017cenia kolejnych os\u00f3b.<\/p>\n<p style=\"text-align: justify;\">Oczywi\u015bcie mo\u017cna tak\u0105 osob\u0119 izolowa\u0107 od razu i kaza\u0107 jej oczekiwa\u0107 na pobranie materia\u0142u i wyniki testu w kwarantannie, ale to za\u0142atwia zaledwie cz\u0119\u015b\u0107 problemu. Cz\u0119\u015b\u0107, bo dopiero po stwierdzeniu zaka\u017cenia rusza <strong>procedura \u015bledzenia kontakt\u00f3w<\/strong>, czyli namierzane zostaj\u0105 osoby, z kt\u00f3rymi zaka\u017cony mia\u0142 niedawno kontakt \u2013 po to, by obj\u0105\u0107 je kwarantann\u0105 i w odpowiednim czasie tak\u017ce podda\u0107 testom.<\/p>\n<p style=\"text-align: justify;\">Tymczasem, je\u015bli zaka\u017cony czeka ca\u0142ymi dniami na test i jego wyniki, to osoby, z kt\u00f3rymi mia\u0142 kontakt, mog\u0105 spokojnie, nie niepokojone przez \u201epolsk\u0105 strategi\u0119 walki z epidemi\u0105, kt\u00f3ra przynosi o wiele lepsze rezultaty ni\u017c w innych cz\u0119\u015bciach Europy\u201d, zara\u017ca\u0107 kolejne osoby.<\/p>\n<p style=\"text-align: justify;\">Cz\u0119\u015b\u0107 tej niemocy organizacyjnej polskiego pa\u0144stwa wida\u0107 nawet na wykresie:<\/p>\n<div id=\"attachment_5130\" style=\"width: 907px\" class=\"wp-caption aligncenter\"><a href=\"https:\/\/www.maltreting.pl\/wp-content\/uploads\/2020\/05\/covid-przypadki-weekendy.jpg\"><img aria-describedby=\"caption-attachment-5130\" decoding=\"async\" loading=\"lazy\" class=\"size-full wp-image-5130\" src=\"https:\/\/www.maltreting.pl\/wp-content\/uploads\/2020\/05\/covid-przypadki-weekendy.jpg\" alt=\"\" width=\"897\" height=\"361\" srcset=\"https:\/\/www.maltreting.pl\/wp-content\/uploads\/2020\/05\/covid-przypadki-weekendy.jpg 897w, https:\/\/www.maltreting.pl\/wp-content\/uploads\/2020\/05\/covid-przypadki-weekendy-300x121.jpg 300w, https:\/\/www.maltreting.pl\/wp-content\/uploads\/2020\/05\/covid-przypadki-weekendy-768x309.jpg 768w, https:\/\/www.maltreting.pl\/wp-content\/uploads\/2020\/05\/covid-przypadki-weekendy-850x342.jpg 850w, https:\/\/www.maltreting.pl\/wp-content\/uploads\/2020\/05\/covid-przypadki-weekendy-150x60.jpg 150w\" sizes=\"(max-width: 897px) 100vw, 897px\" \/><\/a><p id=\"caption-attachment-5130\" class=\"wp-caption-text\">COVID w niedziele nie robi<\/p><\/div>\n<p style=\"text-align: justify;\">To znowu dzienna liczba nowych przypadk\u00f3w zaka\u017ce\u0144 SARS-CoV-2, ale tym razem z zaznaczonymi niedzielami i \u015bwi\u0119tami. Jeszcze do niedawna, <strong>dni wolne regularnie oznacza\u0142y mniejsz\u0105 liczb\u0119 zidentyfikowanych przypadk\u00f3w<\/strong>, i to nawet wtedy, kiedy trend by\u0142 wyra\u017aniej wzrostowy.<\/p>\n<p style=\"text-align: justify;\">Wygl\u0105da wi\u0119c na to, \u017ce albo \u201epolska strategia walki z koronawirusem\u201d w wyniku pog\u0142\u0119bionych analiz dosz\u0142a do wniosku, \u017ce w niedziele koronawirus robi sobie wolne, albo da\u0142a kilkudziesi\u0119ciu nosicielom wirusa jeszcze jeden dzie\u0144 ekstra na to, by zaka\u017cali \u00a0kolejne osoby.<\/p>\n<p style=\"text-align: justify;\">Brawo my!<\/p>\n<p style=\"text-align: justify;\">Dodajmy do tego fatalne zabezpieczenie potrzeb s\u0142u\u017cby zdrowia, kt\u00f3ra odpowiada za <a href=\"https:\/\/tvn24.pl\/polska\/koronawirus-w-polsce-struktura-zakazen-13-przypadkow-po-kontakcie-z-sars-cov-2-w-szpitalu-lub-przychodni-4551610\">1\/3 wszystkich zaka\u017ce\u0144<\/a> \u2013 powalaj\u0105co wr\u0119cz wymownym przyk\u0142adem jest jednoimienny (!) szpital zielonog\u00f3rski, kt\u00f3ry maj\u0105c zaledwie jednego (!) pacjenta z potwierdzonym COVID-19, <a href=\"https:\/\/www.gazetaprawna.pl\/artykuly\/1458088,w-zielonogorskim-szpitalu-jest-koronawirus-brakuje-maseczek.html\">zg\u0142asza\u0142 braki \u015brodk\u00f3w ochrony osobistej<\/a> \u2013 i mamy obraz koszmarnej <a href=\"https:\/\/polskatimes.pl\/koronawirus-w-polsce-w-szpitalach-nadal-brakuje-wszystkiego-od-maseczek-po-kombinezony\/ar\/c1-14934104\">nieudolno\u015bci<\/a>, <a href=\"https:\/\/wiadomosci.onet.pl\/kraj\/koronawirus-historie-ludzi-ktorzy-zmarli-lub-zostali-poszkodowani-przez-chaos-w\/h1rh4e9\">niekompetencji<\/a> i <a href=\"https:\/\/wroclaw.wyborcza.pl\/wroclaw\/7,35771,25861794,koronawirus-na-dolnym-slasku-co-sie-dzieje-w-szpitalach.html?disableRedirects=true\">zaniedba\u0144<\/a>.<\/p>\n<p style=\"text-align: justify;\">I w ten oto spos\u00f3b l\u0105dujemy w sytuacji, gdy epidemia co prawda nie rozwija si\u0119, ale <em>tylko<\/em> dzi\u0119ki temu, \u017ce kraj jest drako\u0144sko zablokowany. I nie mamy pola manewru, by te ograniczenia znosi\u0107. Ca\u0142y wysi\u0142ek, ca\u0142e to jeszcze nieu\u015bwiadomione po\u015bwi\u0119cenie, kt\u00f3re w przysz\u0142o\u015bci zmaterializuje si\u0119 w postaci bezrobocia, zamykanych przedsi\u0119biorstw, zubo\u017cenia spo\u0142ecze\u0144stwa, to wszystko idzie jak krew w piach: przez nieudolno\u015b\u0107 w\u0142adzy, epidemia nie wygasa.<\/p>\n<p style=\"text-align: justify;\">Ale czy tylko przez nieudolno\u015b\u0107?<\/p>\n<p style=\"text-align: justify;\">Roboty, aby pchn\u0105\u0107 sprawy naprz\u00f3d, jest mn\u00f3stwo. Opracowanie procedur, zorganizowanie logistyki, alokacja zasob\u00f3w, przydzielenie zada\u0144, zaprojektowanie i zapewnienie wysokiej sprawno\u015bci (wirus nie czeka!) system\u00f3w do zarz\u0105dzania zupe\u0142nie nowym problemem, to pot\u0119\u017cne zadanie, anga\u017cuj\u0105ce ludzi z wielu pa\u0144stwowych struktur.<\/p>\n<p style=\"text-align: justify;\">A co robi rz\u0105d?<\/p>\n<p style=\"text-align: justify;\">Opracowuje procedury, organizuje logistyk\u0119, alokuje zasoby, przydziela zadania, projektuje i stara si\u0119 zapewni\u0107 wysok\u0105 sprawno\u015b\u0107 system\u00f3w do zarz\u0105dzania zupe\u0142nie nowym problemem, anga\u017cuj\u0105cym ludzi z wielu pa\u0144stwowych struktur.<\/p>\n<p style=\"text-align: justify;\">Wyborami korespondencyjnymi.<\/p>\n<p style=\"text-align: justify;\">Bo ma tyle czasu, tyle wolnych zasob\u00f3w, i tyle kasy, \u017ce spokojnie mo\u017ce bra\u0107 na siebie zupe\u0142nie nowe wyzwania!<\/p>\n<h2>Wybory<\/h2>\n<p style=\"text-align: justify;\">Napisz\u0119 to tak delikatnie, jak potrafi\u0119: nie wierz\u0119, \u017ceby \u017caden z mi\u0142o\u015bciwie nam panuj\u0105cych nie mia\u0142 za sob\u0105 sytuacji, w kt\u00f3rej musia\u0142 zaj\u0105\u0107 si\u0119 wyborami, mimo \u017ce mia\u0142 jeszcze mn\u00f3stwo roboty zwi\u0105zanej z pandemi\u0105. Nie wierz\u0119, \u017ce nie kaza\u0142 swoim podw\u0142adnym po\u015bwi\u0119ci\u0107 czasu na wybory, mimo \u017ce ci mieli do wykonania zadania dotycz\u0105ce walki z koronawirusem.<\/p>\n<p style=\"text-align: justify;\">Nie wierz\u0119, \u017ce \u017caden nie pomy\u015bla\u0142, \u017ce odci\u0105ganie zasob\u00f3w od walki z pandemi\u0105 spowoduje op\u00f3\u017anienia, s\u0142absze efekty, a mo\u017ce nawet doprowadzi do braku realizacji jakich\u015b dzia\u0142a\u0144.<\/p>\n<p style=\"text-align: justify;\">A jednak, najwyra\u017aniej \u017caden nie waln\u0105\u0142 pi\u0119\u015bci\u0105 w st\u00f3\u0142 i nie powiedzia\u0142 \u201epanowie, naprawd\u0119 jest teraz co innego do roboty ni\u017c wybory\u201d.<\/p>\n<p style=\"text-align: justify;\">Wszyscy, czy to z tch\u00f3rzostwa, czy z g\u0142upoty, czy dlatego, \u017ce s\u0105 \u017c\u0105dnymi w\u0142adzy socjopatami, godz\u0105 si\u0119 na to, by nie po\u015bwi\u0119ca\u0107 maksimum wysi\u0142ku na walk\u0119 z epidemi\u0105. Godz\u0105 si\u0119 na dramaty ludzi trac\u0105cych \u017ar\u00f3d\u0142o utrzymania, kt\u00f3rych mo\u017cna by\u0142oby unikn\u0105\u0107. Godz\u0105 si\u0119 na ofiary \u015bmiertelne, kt\u00f3re by\u0107 mo\u017ce da\u0142oby si\u0119 uratowa\u0107.<\/p>\n<p style=\"text-align: justify;\"><strong>Napisz\u0119 to tak delikatnie, jak potrafi\u0119: po 30 latach wolnej Polski, mamy w\u0142adz\u0119, kt\u00f3r\u0105 mo\u017cna spokojnie nazwa\u0107 zbrodniczym re\u017cimem.<\/strong><\/p>\n<p style=\"text-align: justify;\">\u017byjemy w rzeczywisto\u015bci, w kt\u00f3rej Prawo i Sprawiedliwo\u015b\u0107, partia nazwana tak chyba z my\u015bl\u0105 o jakim\u015b nowym t\u0142umaczeniu \u201eRoku 1984\u201d, po\u015bwi\u0119ca \u017cycie ludzi, by utrzyma\u0107 si\u0119 u w\u0142adzy.<\/p>\n<h2>Ile os\u00f3b mo\u017cna zabi\u0107 wyborami, kt\u00f3re jeszcze si\u0119 nie odby\u0142y?<\/h2>\n<p style=\"text-align: justify;\">Oczywi\u015bcie trudno wskaza\u0107 palcem, kt\u00f3re konkretnie ofiary ma na sumieniu polski rz\u0105d. Trudno nawet policzy\u0107, ile ich jest.<\/p>\n<p style=\"text-align: justify;\">Chocia\u017c&#8230; mo\u017cna spr\u00f3bowa\u0107.<\/p>\n<p style=\"text-align: justify;\">Na przyk\u0142ad przyjmuj\u0105c, \u017ce polski rz\u0105d radzi\u0142by sobie z t\u0142umieniem epidemii tak dobrze, jak rz\u0105d czeski. Albo nawet nie tak dobrze, a jedynie w po\u0142owie tak dobrze, jak rz\u0105d czeski.<\/p>\n<p style=\"text-align: justify;\">Wiecie, Czesi \u2013 ten \u015bmieszny narodek, z kt\u00f3rego wci\u0105\u017c si\u0119 nabijamy, zajmuj\u0105cy na mapie miejsce pod nami (jak\u017ce adekwatnie!) i pos\u0142uguj\u0105cy si\u0119 takim przekomicznym j\u0119zykiem.<\/p>\n<p style=\"text-align: justify;\">Wi\u0119c przyjmijmy: powiedzmy, \u017ce przyrost liczby zachorowa\u0144 w kwietniu nie wyni\u00f3s\u0142by 515% (faktyczna warto\u015b\u0107 w Polsce), tylko 334% (czyli \u015brednia arytmetyczna pomi\u0119dzy przyrostem w Czechach \u2013 152%, i przyrostem w Polsce).<\/p>\n<p style=\"text-align: justify;\">Oznacza\u0142oby to, \u017ce w kwietniu nie przyby\u0142oby nam prawie 10<span style=\"color: #ffffff;\">.<\/span>822 zaka\u017conych, a jedynie 6<span style=\"color: #ffffff;\">.<\/span>859 \u2013 czyli o 3<span style=\"color: #ffffff;\">.<\/span>963 mniej.<\/p>\n<p style=\"text-align: justify;\">Przyjmijmy teraz, \u017ce stosunek liczby zgon\u00f3w do zidentyfikowanych przypadk\u00f3w wynosi 4%. To do\u015b\u0107 asekuracyjny szacunek, bo zwracam uwag\u0119, \u017ce obecnie (rano, 5 maja) mamy ju\u017c prawie 700 zgon\u00f3w na ok. 14 tys. przypadk\u00f3w, czyli stosunek liczby zgon\u00f3w do zaka\u017ce\u0144 wynosi prawie 5%. A to przecie\u017c nie koniec \u2013 spo\u015br\u00f3d tych 14 tys. przypadk\u00f3w, walk\u0119 z wirusem przegra jeszcze wielu, wi\u0119c i wsp\u00f3\u0142czynnik b\u0119dzie wy\u017cszy. Mimo to, zosta\u0144my przy 4%.<\/p>\n<p style=\"text-align: justify;\">W efekcie, <strong>takie usprawnienie \u201epolskiej strategii walki z epidemi\u0105\u201d uratowa\u0142oby \u017cycie 159 os\u00f3b<\/strong>, i to licz\u0105c tylko kwietniowe zaka\u017cenia. A m\u00f3wimy o ograniczeniu wzrostu do 334%, gdy tymczasem \u015brednia arytmetyczna wzrostu liczby zaka\u017ce\u0144 wynios\u0142a w pa\u0144stwach, kt\u00f3re wprowadzi\u0142y lockdown, 254%.<\/p>\n<p style=\"text-align: justify;\">Swoj\u0105 drog\u0105 wymowne: \u015brednia jest dwa razy lepsza, ni\u017c wynik odnosz\u0105cej taki sukces \u201epolskiej strategii\u201d.<\/p>\n<p style=\"text-align: justify;\">Oczywi\u015bcie to zgrubny, ale te\u017c i ostro\u017cny szacunek, kt\u00f3ry sugeruje do\u015b\u0107 wyra\u017anie, \u017ce m\u00f3wimy co najmniej o kilkudziesi\u0119ciu osobach. I cz\u0119\u015b\u0107 z nich mo\u017cemy do\u015b\u0107 spokojnie przypisa\u0107 nie powszechnemu tupolewizmowi, nie u\u0142a\u0144skiej fantazji naszych rodak\u00f3w, ale anga\u017cowaniu czasu, energii i zasob\u00f3w w wybory.<\/p>\n<p style=\"text-align: justify;\">Oczywi\u015bcie, \u017ceby nie by\u0142o w\u0105tpliwo\u015bci \u2013 te 159, kt\u00f3re \u017cy\u0142yby, gdyby\u015bmy byli w po\u0142owie tak sprawni jak Czesi, <strong>to zdecydowanie mniej, ni\u017c osoby, kt\u00f3re \u017cyj\u0105 dzi\u0119ki temu, \u017ce lockdownu nie wprowadzili\u015bmy na przyk\u0142ad tydzie\u0144 p\u00f3\u017aniej. <\/strong>Mo\u017cemy spokojnie przyj\u0105\u0107, \u017ce ka\u017cdy tydzie\u0144 op\u00f3\u017anienia to co najmniej 2-krotne zwi\u0119kszenie liczby zaka\u017conych i ofiar.<\/p>\n<p style=\"text-align: justify;\">Ale to, \u017ce szybkie wprowadzenie lockdownu pozwoli\u0142o uratowa\u0107 setki istnie\u0144, jakby zupe\u0142nie nie znaczy, \u017ce teraz rz\u0105d mo\u017ce odpuszcza\u0107 sobie dziesi\u0105tki istnie\u0144 i przeznacza\u0107 mn\u00f3stwo pracy na organizacj\u0119 wybor\u00f3w.<\/p>\n<p style=\"text-align: justify;\">Zbrodniczy re\u017cim. \u017byjemy w czasach, w kt\u00f3rych takie okre\u015blenie jest adekwatne do polskiego rz\u0105du.<\/p>\n<h2>Naprawd\u0119, partactwo wystarczy doskonale<\/h2>\n<p style=\"text-align: justify;\">A tymczasem naprawd\u0119 wystarczy partactwo tego rz\u0105du. Na pocz\u0105tku epidemii by\u0142em przekonany, \u017ce co prawda w\u0142adza totalnie le\u017cy, je\u015bli chodzi o zadania wymagaj\u0105ce od niej samej jakiego\u015b planowania, organizacji czy logistyki, ale przynajmniej do\u015b\u0107 sprawnie i bez skrupu\u0142\u00f3w zrzuca obowi\u0105zki na innych: \u201eod jutra nie mo\u017cecie robi\u0107 tego i tamtego, a musicie robi\u0107 co\u015b innego \u2013 nie interesuje nas jak, rad\u017acie se\u201d. Ma\u0142o, ale zawsze co\u015b.<\/p>\n<p style=\"text-align: justify;\">Tymczasem nie wychodzi jej nawet to. W\u0142adza nie potrafi\u0142a nawet porz\u0105dnie przygotowa\u0107 przepis\u00f3w o kwarantannie, i po dw\u00f3ch tygodniach od wprowadzenia stanu epidemii musia\u0142a je poprawia\u0107. Wyobra\u017cacie sobie, \u017ce domownicy \/ wsp\u00f3\u0142lokatorzy osoby, kt\u00f3ra przechodzi\u0142a kwarantann\u0119 domow\u0105 \u2013 czyli ludzie, kt\u00f3rzy sp\u0119dzali z ni\u0105 <strong>najwi\u0119cej<\/strong> czasu, w dodatku w czasie jej kwarantanny! \u2013 nie byli automatycznie obejmowani kwarantann\u0105?<\/p>\n<p style=\"text-align: justify;\">No wi\u0119c przez prawie ca\u0142y marzec tak by\u0142o. <a href=\"https:\/\/www.gov.pl\/web\/mswia\/nowe-obostrzenia-w-zwiazku-z-epidemia-koronawirusa\">Zmieni\u0142o si\u0119 to dopiero 31.03<\/a>.<\/p>\n<p style=\"text-align: justify;\">Dopiero po paru tygodniach ci partacze po\u0142apali si\u0119, \u017ce jak kto\u015b mieszka pod jednym dachem z osob\u0105 potencjalnie zaka\u017con\u0105 to sam te\u017c powinien by\u0107 traktowany jak potencjalnie zaka\u017cony i pozwalanie mu chodzi\u0107 do sklepu czy do pracy nie jest najlepszym pomys\u0142em&#8230;<\/p>\n<p style=\"text-align: justify;\">Mo\u017ce kolejna, ju\u017c-nie-prywatna, teoria spiskowa? Mam ciche podejrzenie, \u017ce <a href=\"https:\/\/www.gazetaprawna.pl\/artykuly\/1466633,koronawirus-w-polsce-zakaz-wstepu-do-lasow.html\">wprowadzony par\u0119 dni p\u00f3\u017aniej zakaz wst\u0119pu do las\u00f3w<\/a> (wiadomo, w szczycie sezonu grzybowego w lasach jest t\u0142oczniej ni\u017c w IKEI \u2013 prawdziwa wyl\u0119garnia wirus\u00f3w!) by\u0142 po to, \u017ceby medialnym szumem przykry\u0107 t\u0119 zmian\u0119. Albo raczej nie tyle sam\u0105 zmian\u0119, co \u0142atan\u0105 w\u0142a\u015bnie dziur\u0119 w systemie, kt\u00f3ra wr\u0119cz powala\u0142a swoj\u0105 groteskow\u0105 g\u0142upot\u0105.<\/p>\n<p style=\"text-align: justify;\">Ale na wpierdzielanie do ustawy pomocowej zmian kodeksu wyborczego PiS <a href=\"https:\/\/www.rp.pl\/Opinie\/303289991-Wojciech-Tumidalski-Wiele-problemow-prawnych-z-nocna-nowelizacja-Kodeksu-wyborczego.html\">znalaz\u0142 czas ju\u017c par\u0119 dni wcze\u015bniej<\/a>!<\/p>\n<p style=\"text-align: center;\">***<\/p>\n<p style=\"text-align: justify;\">Liczba zaka\u017ce\u0144 w Polsce przez ca\u0142y kwiecie\u0144, ku mojej rosn\u0105cej frustracji \u2013 i z pewno\u015bci\u0105 nie tylko mojej \u2013 upar\u0142a si\u0119, by sta\u0107 w miejscu, jednocze\u015bnie pokazuj\u0105c nam, jak bardzo le\u017cymy. W tym samym czasie inne europejskie kraje, i to nie tylko czempioni wyprzedzaj\u0105cy Polsk\u0119 pod wzgl\u0119dem organizacji czy zamo\u017cno\u015bci, wyra\u017anie odwr\u00f3ci\u0142y trend zachorowa\u0144. By\u0107 mo\u017ce teraz wreszcie co\u015b drgn\u0119\u0142o i powoli, powoli liczba zaka\u017ce\u0144 zaczyna spada\u0107. By\u0107 mo\u017ce.<\/p>\n<p style=\"text-align: justify;\">O ile to oczywi\u015bcie nie efekt <a href=\"https:\/\/wiadomosci.radiozet.pl\/Koronawirus\/Koronawirus-w-Polsce.-MZ-zapowiadalo-25-tys.-testow-dziennie-a-dzis-informuje-o-8-tys\">dramatycznie wr\u0119cz spadaj\u0105cej liczby test\u00f3w<\/a>&#8230;<\/p>\n<p style=\"text-align: justify;\">Miejmy wi\u0119c nadziej\u0119, \u017ce to efekt maseczek, z kt\u00f3rych skuteczno\u015bci nasz narodowy bohater walki z koronawirusem, minister Szumowski, <a href=\"https:\/\/www.rmf24.pl\/tylko-w-rmf24\/poranna-rozmowa\/news-szumowski-o-koronawirusie-maseczki-nie-pomagaja-80-proc-zach,nId,4347032\">jeszcze pod koniec lutego wr\u0119cz kpi\u0142<\/a>.<\/p>\n<p style=\"text-align: justify;\">Ale nawet je\u015bli wreszcie zacz\u0119\u0142y si\u0119 spadki, o czym przekonamy si\u0119 w najbli\u017cszych dniach, to to wszystko p\u00f3\u017ano. I wolno. Du\u017co wolniej ni\u017c w innych europejskich krajach, towarzyszu Adamczyk.<\/p>\n<p style=\"text-align: justify;\">Kr\u00f3tko m\u00f3wi\u0105c, jeste\u015bmy w dupie.<\/p>\n<p style=\"text-align: justify;\">W dodatku wygl\u0105da na to, \u017ce tym razem b\u0119dziemy musieli si\u0119 w niej urz\u0105dzi\u0107.<\/p>\n<p style=\"text-align: justify;\">Ale \u017ceby nie ko\u0144czy\u0107 tym smutnym wnioskiem, sko\u0144cz\u0119 w stylu Johna Olivera: and now \u2013 this:<\/p>\n<p><iframe loading=\"lazy\" width=\"850\" height=\"478\" src=\"https:\/\/www.youtube.com\/embed\/D1R0KtUIKxM?feature=oembed\" frameborder=\"0\" allow=\"accelerometer; autoplay; encrypted-media; gyroscope; picture-in-picture\" allowfullscreen><\/iframe><\/p>\n<p style=\"text-align: justify;\">PS. Wypowied\u017a towarzysza Adamczyka nie by\u0142a bynajmniej pretekstem do napisania tego tekstu. Natkn\u0105\u0142em si\u0119 na ni\u0105 przypadkiem ju\u017c w czasie jego przygotowywania, wi\u0119c jakby co, to niech se towarzysz nie wlewa.<\/p>\n\n<!-- Facebook Like Button v1.9.6 BEGIN [http:\/\/blog.bottomlessinc.com] -->\n<iframe src=\"http:\/\/www.facebook.com\/plugins\/like.php?href=https%3A%2F%2Fwww.maltreting.pl%2Findex.php%2F2020%2F05%2Fkoronawirus-frustracja-na-wykresie%2F&amp;layout=button_count&amp;show_faces=false&amp;width=450&amp;action=like&amp;colorscheme=light\" scrolling=\"no\" frameborder=\"0\" allowTransparency=\"true\" style=\"border:none; overflow:hidden; width:450px; height: 30px; align: left; margin: 12px 0px 6px 0px\"><\/iframe>\n<!-- Facebook Like Button END -->\n","protected":false},"excerpt":{"rendered":"<p>\u201eRo\u015bnie liczba os\u00f3b wyleczonych, a z ponad 12 tysi\u0119cy zaka\u017conych koronawirusem, nieca\u0142e 3 tysi\u0105ce jest leczone w szpitalach. Polska strategia walki z epidemi\u0105 przynosi o wiele lepsze rezultaty ni\u017c w innych cz\u0119\u015bciach Europy\u201d \u2013 pod koniec kwietnia oznajmia z dum\u0105 Micha\u0142 Adamczyk w Wiadomo\u015bciach TVP. No wi\u0119c, towarzyszu Adamczyk, jak\u2026<\/p>\n<p> <a class=\"continue-reading-link\" href=\"https:\/\/www.maltreting.pl\/index.php\/2020\/05\/koronawirus-frustracja-na-wykresie\/\"><span>Czytaj dalej<\/span><i class=\"crycon-right-dir\"><\/i><\/a> <\/p>\n","protected":false},"author":3,"featured_media":5131,"comment_status":"open","ping_status":"open","sticky":false,"template":"","format":"standard","meta":{"sfsi_plus_gutenberg_text_before_share":"","sfsi_plus_gutenberg_show_text_before_share":"","sfsi_plus_gutenberg_icon_type":"","sfsi_plus_gutenberg_icon_alignemt":"","sfsi_plus_gutenburg_max_per_row":""},"categories":[600],"tags":[666,664],"_links":{"self":[{"href":"https:\/\/www.maltreting.pl\/index.php\/wp-json\/wp\/v2\/posts\/5114"}],"collection":[{"href":"https:\/\/www.maltreting.pl\/index.php\/wp-json\/wp\/v2\/posts"}],"about":[{"href":"https:\/\/www.maltreting.pl\/index.php\/wp-json\/wp\/v2\/types\/post"}],"author":[{"embeddable":true,"href":"https:\/\/www.maltreting.pl\/index.php\/wp-json\/wp\/v2\/users\/3"}],"replies":[{"embeddable":true,"href":"https:\/\/www.maltreting.pl\/index.php\/wp-json\/wp\/v2\/comments?post=5114"}],"version-history":[{"count":9,"href":"https:\/\/www.maltreting.pl\/index.php\/wp-json\/wp\/v2\/posts\/5114\/revisions"}],"predecessor-version":[{"id":5137,"href":"https:\/\/www.maltreting.pl\/index.php\/wp-json\/wp\/v2\/posts\/5114\/revisions\/5137"}],"wp:featuredmedia":[{"embeddable":true,"href":"https:\/\/www.maltreting.pl\/index.php\/wp-json\/wp\/v2\/media\/5131"}],"wp:attachment":[{"href":"https:\/\/www.maltreting.pl\/index.php\/wp-json\/wp\/v2\/media?parent=5114"}],"wp:term":[{"taxonomy":"category","embeddable":true,"href":"https:\/\/www.maltreting.pl\/index.php\/wp-json\/wp\/v2\/categories?post=5114"},{"taxonomy":"post_tag","embeddable":true,"href":"https:\/\/www.maltreting.pl\/index.php\/wp-json\/wp\/v2\/tags?post=5114"}],"curies":[{"name":"wp","href":"https:\/\/api.w.org\/{rel}","templated":true}]}}