{"id":508,"date":"2009-10-13T22:32:40","date_gmt":"2009-10-13T20:32:40","guid":{"rendered":"http:\/\/www.maltreting.pl\/?p=508"},"modified":"2009-10-13T22:32:40","modified_gmt":"2009-10-13T20:32:40","slug":"psy-nie-maja-szczescia-do-reklamy-wedel","status":"publish","type":"post","link":"https:\/\/www.maltreting.pl\/index.php\/2009\/10\/psy-nie-maja-szczescia-do-reklamy-wedel\/","title":{"rendered":"Psy nie maj\u0105 szcz\u0119\u015bcia do reklamy"},"content":{"rendered":"<p><em>Rok 2009 nie b\u0119dzie dobrze wspominany przez nasze psy. Najpierw zach\u0119cano nas do faszerowania ich such\u0105 karm\u0105 <a href=\"https:\/\/www.maltreting.pl\/index.php\/2009\/06\/pies-ktory-cierpial-dla-reklamy\/\">Pedigree Pal<\/a>, po kt\u00f3rej psy albo nie sra\u0142y wcale, albo sra\u0142y suchymi, kanciastymi bobkami, rani\u0105cymi delikatne psie ty\u0142ki. Kolejny marketer idzie dalej &#8211; jego produkt ma wszelkie zadatki ku temu, aby wys\u0142a\u0107 psy na tamten \u015bwiat.<\/em><!--more--><\/p>\n<p>Co zaskakuj\u0105ce, tym krwio\u017cerczym marketerem okazuje si\u0119 by\u0107 Wedel, w kt\u00f3rego ostatniej &#8211; pozornie leniwie\u00a0\u0142agodnej &#8211; reklam\u00f3wce widzimy co\u015b, co jest zapewne ostatni\u0105 drog\u0105 grupki sympatycznych psiak\u00f3w. Drog\u0105, w kt\u00f3r\u0105 wybra\u0142y si\u0119 zapewne po spo\u017cyciu\u00a0niebia\u0144skiej\u00a0w smaku wedlowskiej czekolady.<\/p>\n<p style=\"text-align: center;\"><object width=\"425\" height=\"344\" data=\"http:\/\/www.youtube.com\/v\/QJqYh0X6bgM&amp;hl=pl&amp;fs=1&amp;\" type=\"application\/x-shockwave-flash\"><param name=\"allowFullScreen\" value=\"true\" \/><param name=\"allowscriptaccess\" value=\"always\" \/><param name=\"src\" value=\"http:\/\/www.youtube.com\/v\/QJqYh0X6bgM&amp;hl=pl&amp;fs=1&amp;\" \/><param name=\"allowfullscreen\" value=\"true\" \/><\/object>\u00a0<\/p>\n<p>Drog\u0105 przedstawion\u0105 metaforycznie oczywi\u015bcie, bo je\u015bli by p\u00f3j\u015b\u0107 w dos\u0142owno\u015b\u0107, to psa nakarmionego czekolad\u0105 poznaje si\u0119 po:<\/p>\n<ul>\n<li>wymiotach<\/li>\n<li>biegunce<\/li>\n<li>wzmo\u017conym oddawaniu moczu<\/li>\n<li>dr\u017ceniu mi\u0119\u015bni<\/li>\n<li>przyspieszonym oddechu<\/li>\n<li>arytmii<\/li>\n<li>drgawkach<\/li>\n<li>zapa\u015bci<\/li>\n<li>\u015bmierci<\/li>\n<\/ul>\n<p>Wi\u0119kszo\u015b\u0107 tych objaw\u00f3w jest oczywi\u015bcie mniej fotogeniczna ni\u017c rozbijanie si\u0119 granatowym\u00a0Lamborghini po torze wy\u015bcigowym.<\/p>\n<p>Dla zainteresowanych: jak podaje <a href=\"http:\/\/artykuly.animalia.pl\/artykuly.php?id=127\" target=\"_blank\">Animalia.pl<\/a>\u00a0(sk\u0105d przepisa\u0142em powy\u017csz\u0105 list\u0119), aby wyprawi\u0107 ma\u0142ego ciu\u0142a\u0142\u0119 w za\u015bwiaty, wystarczy 15 gram gorzkiej czekolady. Dalmaty\u0144czyk musia\u0142by pewnie ze\u017cre\u0107 wi\u0119cej ni\u017c tabliczk\u0119, je\u015bli chcia\u0142by do niego do\u0142\u0105czy\u0107.<\/p>\n<p>Swoj\u0105 drog\u0105 to ciekawe: skoro eskterminacja jednego ciu\u0142a\u0142y wymaga\u00a0tak niewielkich nak\u0142ad\u00f3w, to jak to si\u0119 dzieje, \u017ce ta irytuj\u0105ca rasa jeszcze \u0142azi po \u015bwiecie?<\/p>\n<p>Warto odnotowa\u0107, \u017ce to kolejna kampania, w kt\u00f3rej Wedel porusza tematyk\u0119 z <a href=\"https:\/\/www.maltreting.pl\/index.php\/2009\/05\/bluzniercza-kampania-cadbury-wedel\/\">pogranicza \u017cycia i \u015bmierci<\/a>, co \u015bwiadczy o artystycznym zaci\u0119ciu firmy i ambicjach wykraczaj\u0105cych poza wzrost udzia\u0142u w rynku. Czapki z g\u0142\u00f3w.<\/p>\n\n<!-- Facebook Like Button v1.9.6 BEGIN [http:\/\/blog.bottomlessinc.com] -->\n<iframe src=\"http:\/\/www.facebook.com\/plugins\/like.php?href=https%3A%2F%2Fwww.maltreting.pl%2Findex.php%2F2009%2F10%2Fpsy-nie-maja-szczescia-do-reklamy-wedel%2F&amp;layout=button_count&amp;show_faces=false&amp;width=450&amp;action=like&amp;colorscheme=light\" scrolling=\"no\" frameborder=\"0\" allowTransparency=\"true\" style=\"border:none; overflow:hidden; width:450px; height: 30px; align: left; margin: 12px 0px 6px 0px\"><\/iframe>\n<!-- Facebook Like Button END -->\n","protected":false},"excerpt":{"rendered":"<p>Rok 2009 nie b\u0119dzie dobrze wspominany przez nasze psy. Najpierw zach\u0119cano nas do faszerowania ich such\u0105 karm\u0105 Pedigree Pal, po kt\u00f3rej psy albo nie sra\u0142y wcale, albo sra\u0142y suchymi, kanciastymi bobkami, rani\u0105cymi delikatne psie ty\u0142ki. Kolejny marketer idzie dalej &#8211; jego produkt ma wszelkie zadatki ku temu, aby wys\u0142a\u0107 psy na tamten \u015bwiat.<\/p>\n<p> <a class=\"continue-reading-link\" href=\"https:\/\/www.maltreting.pl\/index.php\/2009\/10\/psy-nie-maja-szczescia-do-reklamy-wedel\/\"><span>Czytaj dalej<\/span><i class=\"crycon-right-dir\"><\/i><\/a> <\/p>\n","protected":false},"author":3,"featured_media":0,"comment_status":"open","ping_status":"open","sticky":false,"template":"","format":"standard","meta":{"sfsi_plus_gutenberg_text_before_share":"","sfsi_plus_gutenberg_show_text_before_share":"","sfsi_plus_gutenberg_icon_type":"","sfsi_plus_gutenberg_icon_alignemt":"","sfsi_plus_gutenburg_max_per_row":""},"categories":[1],"tags":[36,18,3,26],"_links":{"self":[{"href":"https:\/\/www.maltreting.pl\/index.php\/wp-json\/wp\/v2\/posts\/508"}],"collection":[{"href":"https:\/\/www.maltreting.pl\/index.php\/wp-json\/wp\/v2\/posts"}],"about":[{"href":"https:\/\/www.maltreting.pl\/index.php\/wp-json\/wp\/v2\/types\/post"}],"author":[{"embeddable":true,"href":"https:\/\/www.maltreting.pl\/index.php\/wp-json\/wp\/v2\/users\/3"}],"replies":[{"embeddable":true,"href":"https:\/\/www.maltreting.pl\/index.php\/wp-json\/wp\/v2\/comments?post=508"}],"version-history":[{"count":5,"href":"https:\/\/www.maltreting.pl\/index.php\/wp-json\/wp\/v2\/posts\/508\/revisions"}],"predecessor-version":[{"id":513,"href":"https:\/\/www.maltreting.pl\/index.php\/wp-json\/wp\/v2\/posts\/508\/revisions\/513"}],"wp:attachment":[{"href":"https:\/\/www.maltreting.pl\/index.php\/wp-json\/wp\/v2\/media?parent=508"}],"wp:term":[{"taxonomy":"category","embeddable":true,"href":"https:\/\/www.maltreting.pl\/index.php\/wp-json\/wp\/v2\/categories?post=508"},{"taxonomy":"post_tag","embeddable":true,"href":"https:\/\/www.maltreting.pl\/index.php\/wp-json\/wp\/v2\/tags?post=508"}],"curies":[{"name":"wp","href":"https:\/\/api.w.org\/{rel}","templated":true}]}}