{"id":5033,"date":"2018-09-05T19:32:08","date_gmt":"2018-09-05T17:32:08","guid":{"rendered":"http:\/\/www.maltreting.pl\/?p=5033"},"modified":"2018-09-05T19:32:08","modified_gmt":"2018-09-05T17:32:08","slug":"minela-1930-zapraszamy-na-wiadomosci","status":"publish","type":"post","link":"https:\/\/www.maltreting.pl\/index.php\/2018\/09\/minela-1930-zapraszamy-na-wiadomosci\/","title":{"rendered":"Min\u0119\u0142a 19:30, zapraszamy na Wiadomo\u015bci TVP"},"content":{"rendered":"<p><img decoding=\"async\" loading=\"lazy\" class=\"aligncenter size-full wp-image-5038\" src=\"https:\/\/www.maltreting.pl\/wp-content\/uploads\/2018\/09\/minela-1930-wiadomosci.jpg\" alt=\"\" width=\"850\" height=\"478\" srcset=\"https:\/\/www.maltreting.pl\/wp-content\/uploads\/2018\/09\/minela-1930-wiadomosci.jpg 850w, https:\/\/www.maltreting.pl\/wp-content\/uploads\/2018\/09\/minela-1930-wiadomosci-300x169.jpg 300w, https:\/\/www.maltreting.pl\/wp-content\/uploads\/2018\/09\/minela-1930-wiadomosci-768x432.jpg 768w, https:\/\/www.maltreting.pl\/wp-content\/uploads\/2018\/09\/minela-1930-wiadomosci-622x350.jpg 622w, https:\/\/www.maltreting.pl\/wp-content\/uploads\/2018\/09\/minela-1930-wiadomosci-150x84.jpg 150w\" sizes=\"(max-width: 850px) 100vw, 850px\" \/><\/p>\n<p style=\"text-align: justify;\"><em>Wiadomo\u015bci TVP ju\u017c raz <a href=\"https:\/\/www.maltreting.pl\/index.php\/2017\/10\/zalozmy-nawet-ze-mamy-do-czynienia-z-propaganda\/\">na Maltretingu go\u015bci\u0142y \u2013 jaki\u015b rok temu<\/a>. Wtedy potraktowa\u0142em je z perspektywy naukowej: zebra\u0142em materia\u0142 badawczy, posegregowa\u0142em go, przeanalizo&#8230; Mo\u017ce nie przesadzajmy, w\u0142a\u015bciwie analiza i wyci\u0105ganie wniosk\u00f3w okaza\u0142y si\u0119 zupe\u0142nie zb\u0119dne, materia\u0142 m\u00f3wi\u0142 sam za siebie. Niemniej jednak pr\u00f3ba by\u0142a zdecydowanie naukowa. Dzisiaj z kolei&#8230;<\/em><\/p>\n<p style=\"text-align: justify;\"><em>C\u00f3\u017c, ujm\u0119 to tak: my\u015bl\u0119, \u017ce Jacek Kurski, jako zagorza\u0142y mi\u0142o\u015bnik tw\u00f3rczo\u015bci <a href=\"https:\/\/www.youtube.com\/watch?v=cKKUaSQxBB8\" target=\"_blank\" rel=\"noopener\">Jacka Kaczmarskiego<\/a> i <a href=\"https:\/\/www.youtube.com\/watch?v=PbYZ8gKxFmI\" target=\"_blank\" rel=\"noopener\">Zenka Martyniuka<\/a>, powinien m\u00f3j tegoroczny zryw doceni\u0107. Nie, \u017ceby od razu polubi\u0107 \u2013 ale doceni\u0107. Jako kolega po fachu. Czy te\u017c w\u0142a\u015bciwie jako kolega po amatorze.<\/em><\/p>\n<p><!--more--><\/p>\n<p style=\"text-align: justify;\">W ka\u017cdym razie rok temu by\u0142 d\u0142ugi tekst, w tym roku b\u0119dzie kr\u00f3tka \u2013 dobrze si\u0119 domy\u015blacie \u2013 piosenka.<\/p>\n<p style=\"text-align: justify;\">Zanim jednak odtworzycie filmik, Wam jestem winien ostrze\u017cenie, a kilku osobom podzi\u0119kowania.<\/p>\n<p style=\"text-align: justify;\"><strong>Ostrze\u017cenie:<\/strong> co si\u0119 us\u0142yszy, tego si\u0119 ju\u017c nie ods\u0142yszy. Gdyby kto\u015b mnie spyta\u0142 o ulubionego wokalist\u0119, to bez wahania wskaza\u0142bym na Axla Rose&#8217;a, ale je\u015bli chodzi o bezpo\u015brednie inspiracje wokalne, to musia\u0142bym wymieni\u0107 Artura Andrusa i Krzysztofa Daukszewicza. Oni potrafi\u0105 mniej wi\u0119cej tyle, co ja, a jako\u015b im to nie przeszkadza.<\/p>\n<p style=\"text-align: justify;\">I to imnieprzeszkadzanie jest w\u0142a\u015bnie tak inspiruj\u0105ce.<\/p>\n<p style=\"text-align: justify;\"><strong>Podzi\u0119kowania<\/strong> z kolei nale\u017c\u0105 si\u0119:<\/p>\n<ul style=\"text-align: justify;\">\n<li>dr. Jackowi Wyszy\u0144skiemu i prof. dr hab. Dorocie Piontek z <a href=\"https:\/\/wnpid.amu.edu.pl\/\" target=\"_blank\" rel=\"noopener\">Wydzia\u0142u Nauk Politycznych i Dziennikarstwa UAM w Poznaniu<\/a>, firmie <a href=\"http:\/\/psmm.pl\/pl\" target=\"_blank\" rel=\"noopener\">Press Service Monitoring Medi\u00f3w<\/a> oraz ekipie z <a href=\"https:\/\/www.facebook.com\/TymaczemwWiadomosciach\/\" target=\"_blank\" rel=\"noopener\">fan page\u2019a Tymczasem w Wiadomo\u015bciach<\/a> za pomoc w uzupe\u0142nieniu dokumentacji graficznej do wideo<\/li>\n<li><a href=\"https:\/\/www.facebook.com\/radoslaw.dubisz\" target=\"_blank\" rel=\"noopener\">Radkowi Dubiszowi<\/a> z kapeli <a href=\"https:\/\/www.facebook.com\/orangezebra\/\" target=\"_blank\" rel=\"noopener\">Orange Zebra<\/a>, kt\u00f3ry korespondencyjnie s\u0142u\u017cy\u0142 mi pomoc\u0105 w miksowaniu piosenki, co \u2013 jak si\u0119 bole\u015bnie okaza\u0142o \u2013 nie jest \u0142atw\u0105 sztuk\u0105. Przypuszczam, \u017ce bez jego pomocy tej piosenki nie da\u0142oby si\u0119 w og\u00f3le s\u0142ucha\u0107. A tak troch\u0119 si\u0119 da.<\/li>\n<\/ul>\n<p style=\"text-align: justify;\">Wreszcie, <strong>specjalne podzi\u0119kowania<\/strong> nale\u017c\u0105 si\u0119 anonimowym \u201epaskowym\u201d z Wiadomo\u015bci TVP: to oni napisali mi p\u00f3\u0142 tekstu. Odezwijcie si\u0119 do mnie, podzielimy si\u0119 tantiemami!<\/p>\n<p style=\"text-align: justify;\">A teraz gramy.<\/p>\n<p style=\"text-align: center;\"><iframe loading=\"lazy\" src=\"https:\/\/www.youtube.com\/embed\/m2R-YYKOJlo\" width=\"560\" height=\"315\" frameborder=\"0\" allowfullscreen=\"allowfullscreen\"><\/iframe><\/p>\n<p style=\"text-align: justify;\">PS. <strong>Weso\u0142ych Piosenek o Smutnych Sprawach, Nagranych Ciemn\u0105 Noc\u0105 w Kiblu<\/strong> b\u0119dzie wi\u0119cej. I b\u0119d\u0105 zahacza\u0107 o tematy, kt\u00f3re pojawiaj\u0105 si\u0119 na Maltretingu &#8211; tylko b\u0119d\u0105 zahacza\u0107 nieco inaczej. Je\u015bli wi\u0119c nie wyko\u0144czy\u0142 Was m\u00f3j bez-wokal, to:<\/p>\n<ul style=\"text-align: justify;\">\n<li>zasubskrybujcie <a href=\"https:\/\/www.youtube.com\/channel\/UCLzgxh3FgDXrRiIto5N_wGw\" target=\"_blank\" rel=\"noopener\">kana\u0142 Weso\u0142ych Piosenek na YouTube<\/a><\/li>\n<li>polubcie <a href=\"https:\/\/www.facebook.com\/WesolePiosenki\/\" target=\"_blank\" rel=\"noopener\">fan page Weso\u0142ych Piosenek na Facebooku<\/a><\/li>\n<li>obserwujcie <a href=\"https:\/\/instagram.com\/wesolepiosenki\" target=\"_blank\" rel=\"noopener\">profil Weso\u0142ych Piosenek na Instragramie<\/a><\/li>\n<\/ul>\n<p style=\"text-align: justify;\">Kto wie, mo\u017ce nawet przed nast\u0119pn\u0105 piosenk\u0105 wezm\u0119 sobie kilka lekcji \u015bpiewu? Pom\u00f3c to pewnie nie pomo\u017ce, ale nie zaszkodzi!<\/p>\n\n<!-- Facebook Like Button v1.9.6 BEGIN [http:\/\/blog.bottomlessinc.com] -->\n<iframe src=\"http:\/\/www.facebook.com\/plugins\/like.php?href=https%3A%2F%2Fwww.maltreting.pl%2Findex.php%2F2018%2F09%2Fminela-1930-zapraszamy-na-wiadomosci%2F&amp;layout=button_count&amp;show_faces=false&amp;width=450&amp;action=like&amp;colorscheme=light\" scrolling=\"no\" frameborder=\"0\" allowTransparency=\"true\" style=\"border:none; overflow:hidden; width:450px; height: 30px; align: left; margin: 12px 0px 6px 0px\"><\/iframe>\n<!-- Facebook Like Button END -->\n","protected":false},"excerpt":{"rendered":"<p>Wiadomo\u015bci TVP ju\u017c raz na Maltretingu go\u015bci\u0142y \u2013 jaki\u015b rok temu. Wtedy potraktowa\u0142em je z perspektywy naukowej: zebra\u0142em materia\u0142 badawczy, posegregowa\u0142em go, przeanalizo&#8230; Mo\u017ce nie przesadzajmy, w\u0142a\u015bciwie analiza i wyci\u0105ganie wniosk\u00f3w okaza\u0142y si\u0119 zupe\u0142nie zb\u0119dne, materia\u0142 m\u00f3wi\u0142 sam za siebie. Niemniej jednak pr\u00f3ba by\u0142a zdecydowanie naukowa. Dzisiaj z kolei&#8230; C\u00f3\u017c,\u2026<\/p>\n<p> <a class=\"continue-reading-link\" href=\"https:\/\/www.maltreting.pl\/index.php\/2018\/09\/minela-1930-zapraszamy-na-wiadomosci\/\"><span>Czytaj dalej<\/span><i class=\"crycon-right-dir\"><\/i><\/a> <\/p>\n","protected":false},"author":3,"featured_media":5038,"comment_status":"open","ping_status":"open","sticky":false,"template":"","format":"standard","meta":{"sfsi_plus_gutenberg_text_before_share":"","sfsi_plus_gutenberg_show_text_before_share":"","sfsi_plus_gutenberg_icon_type":"","sfsi_plus_gutenberg_icon_alignemt":"","sfsi_plus_gutenburg_max_per_row":""},"categories":[600],"tags":[57,644,260],"_links":{"self":[{"href":"https:\/\/www.maltreting.pl\/index.php\/wp-json\/wp\/v2\/posts\/5033"}],"collection":[{"href":"https:\/\/www.maltreting.pl\/index.php\/wp-json\/wp\/v2\/posts"}],"about":[{"href":"https:\/\/www.maltreting.pl\/index.php\/wp-json\/wp\/v2\/types\/post"}],"author":[{"embeddable":true,"href":"https:\/\/www.maltreting.pl\/index.php\/wp-json\/wp\/v2\/users\/3"}],"replies":[{"embeddable":true,"href":"https:\/\/www.maltreting.pl\/index.php\/wp-json\/wp\/v2\/comments?post=5033"}],"version-history":[{"count":4,"href":"https:\/\/www.maltreting.pl\/index.php\/wp-json\/wp\/v2\/posts\/5033\/revisions"}],"predecessor-version":[{"id":5039,"href":"https:\/\/www.maltreting.pl\/index.php\/wp-json\/wp\/v2\/posts\/5033\/revisions\/5039"}],"wp:featuredmedia":[{"embeddable":true,"href":"https:\/\/www.maltreting.pl\/index.php\/wp-json\/wp\/v2\/media\/5038"}],"wp:attachment":[{"href":"https:\/\/www.maltreting.pl\/index.php\/wp-json\/wp\/v2\/media?parent=5033"}],"wp:term":[{"taxonomy":"category","embeddable":true,"href":"https:\/\/www.maltreting.pl\/index.php\/wp-json\/wp\/v2\/categories?post=5033"},{"taxonomy":"post_tag","embeddable":true,"href":"https:\/\/www.maltreting.pl\/index.php\/wp-json\/wp\/v2\/tags?post=5033"}],"curies":[{"name":"wp","href":"https:\/\/api.w.org\/{rel}","templated":true}]}}