{"id":4582,"date":"2016-10-26T12:48:38","date_gmt":"2016-10-26T10:48:38","guid":{"rendered":"http:\/\/www.maltreting.pl\/?p=4582"},"modified":"2016-10-26T12:53:21","modified_gmt":"2016-10-26T10:53:21","slug":"moj-pierwszy-raz","status":"publish","type":"post","link":"https:\/\/www.maltreting.pl\/index.php\/2016\/10\/moj-pierwszy-raz\/","title":{"rendered":"M\u00f3j pierwszy raz"},"content":{"rendered":"<p style=\"text-align: center;\"><img decoding=\"async\" loading=\"lazy\" class=\"aligncenter size-full wp-image-4583\" src=\"https:\/\/www.maltreting.pl\/wp-content\/uploads\/2016\/10\/pierwszy-raz-tn.jpg\" alt=\"Przypuszczam, \u017ce nie kojarzycie tych reklam, kt\u00f3re maj\u0105 si\u0119 wam kojarzy\u0107, ale w jak\u017ce zaskakuj\u0105cym finale okazuje si\u0119, \u017ce wcale nie chodzi o skojarzenia?\" width=\"850\" height=\"478\" srcset=\"https:\/\/www.maltreting.pl\/wp-content\/uploads\/2016\/10\/pierwszy-raz-tn.jpg 850w, https:\/\/www.maltreting.pl\/wp-content\/uploads\/2016\/10\/pierwszy-raz-tn-300x168.jpg 300w, https:\/\/www.maltreting.pl\/wp-content\/uploads\/2016\/10\/pierwszy-raz-tn-622x350.jpg 622w, https:\/\/www.maltreting.pl\/wp-content\/uploads\/2016\/10\/pierwszy-raz-tn-150x84.jpg 150w\" sizes=\"(max-width: 850px) 100vw, 850px\" \/><\/p>\n<p style=\"text-align: justify;\"><em>Przypuszczam, \u017ce nie kojarzycie tych reklam, kt\u00f3re maj\u0105 si\u0119 wam kojarzy\u0107, ale w jak\u017ce zaskakuj\u0105cym finale okazuje si\u0119, \u017ce wcale nie chodzi o skojarzenia?<\/em><\/p>\n<p style=\"text-align: justify;\"><em>Ja mo\u017ce podam par\u0119 przyk\u0142ad\u00f3w, \u017ceby\u015bmy wiedzieli, o czym m\u00f3wimy:<\/em><\/p>\n<p><!--more--><\/p>\n<p style=\"text-align: justify;\">Bohaterka rozmarzonym g\u0142osem m\u00f3wi, jak jej by\u0142o dobrze ostatnim razem \u2013 i nie, wcale nie chodzi o seks, tylko o ostatnie zmywanie naczy\u0144 i nowy p\u0142yn do tych\u017ce. By\u0142o wr\u0119cz ekstatycznie! Mog\u0142aby tak sta\u0107 przy zlewie ca\u0142y dzie\u0144!<\/p>\n<p style=\"text-align: justify;\">Bohater twierdzi, \u017ce kiedy k\u0142ad\u0142 j\u0105 na pod\u0142og\u0119, nawet nie j\u0119kn\u0119\u0142a. A kiedy by\u0142o ju\u017c po wszystkim, spojrza\u0142 na ni\u0105 i ju\u017c wiedzia\u0142: to b\u0119dzie zwi\u0105zek na lata. Oczywi\u015bcie chodzi o zwi\u0105zek z desk\u0105 pod\u0142ogow\u0105, bo to oczywi\u015bcie ona, a nie jaka\u015b rozochocona dziewoja, bez j\u0119ku da\u0142a si\u0119 k\u0142a\u015b\u0107.<\/p>\n<p style=\"text-align: justify;\">Albo inna bohaterka twierdzi, \u017ce nigdy nie mia\u0142a tego w ustach \u2013 i nie, nie chodzi wcale o czyje\u015b cz\u0119\u015bci niesforne, ale o zup\u0119.<\/p>\n<p style=\"text-align: justify;\">A nie, przepraszam, pomyli\u0142em si\u0119. Dwa pierwsze przyk\u0142ady by\u0142y fikcyjne i powsta\u0142y po wyczerpuj\u0105cym i wielogodzinnym procesie tw\u00f3rczym, ale trzeci przypadek jest jak najbardziej realny. I znalaz\u0142 si\u0119 tutaj wy\u0142\u0105cznie przez moje niedopatrzenie, bo akurat wtedy zawsze chodzi\u0142o tylko i wy\u0142\u0105cznie o zup\u0119, a ewentualne skojarzenia by\u0142y absolutnie nieuprawnione. Sami tw\u00f3rcy o tym <a href=\"https:\/\/www.maltreting.pl\/index.php\/2014\/05\/jak-na-moje-chodzi-o-wielkiego-grubego-chuja\/\">zapewniali<\/a>.<\/p>\n<p style=\"text-align: justify;\">W ka\u017cdym razie, wracaj\u0105c do pytania ze wst\u0119pu: nie kojarzycie takich reklam, bo pojawiaj\u0105 si\u0119 one niezwykle rzadko. Jedna, g\u00f3ra dwie na tydzie\u0144. Dlatego nieodmiennie tak zaskakuj\u0105 nieoczekiwanym zwrotem akcji. A nawet je\u015bli nawet jakim\u015b cudem \u2013 cudem, bo to naprawd\u0119 niemal si\u0119 nie zdarza \u2013 zorientujecie si\u0119, \u017ce w reklamie nie ma chodzi\u0107 o to, o co na pierwszy rzut oka chodzi, to zawsze pozostaje \u00f3w przyjemny dreszczyk emocji, kt\u00f3ry pojawia si\u0119 w oczekiwaniu na rozwi\u0105zanie zagadki. Ta wielka niewiadoma, to rozpalaj\u0105ce ciekawo\u015b\u0107 pytanie \u2013 o co mo\u017ce chodzi\u0107 tym razem? Ju\u017c si\u0119 nie mog\u0119 doczeka\u0107, zaraz eksploduj\u0119! O co chodzi O patelni\u0119? Garnki? Samoch\u00f3d? Telewizor? P\u0142yn do spryskiwaczy? Soczewki kontaktowe?<\/p>\n<p style=\"text-align: justify;\">No w\u0142a\u015bnie, mo\u017ce soczewki.<\/p>\n<p style=\"text-align: justify;\">Ups, cholera&#8230; Przepraszam. Przepraszam, \u017ce odebra\u0142em Wam t\u0119 przyjemno\u015b\u0107 zwi\u0105zan\u0105 ze wsp\u00f3lnym oczekiwaniem na fina\u0142 i zepsu\u0142em zabaw\u0119, dochodz\u0105c od razu.<\/p>\n<p style=\"text-align: justify;\">Znaczy&#8230; dochodz\u0105c do rozwi\u0105zania! Zagadki!<\/p>\n<p style=\"text-align: justify;\">Bo to o soczewki kontaktowe Air Optix chodzi, kiedy stoj\u0105c przed lustrem, z tajemniczym u\u015bmiechem ona odpowiada na niezadane pytanie, kt\u00f3re pad\u0142o, zanim jeszcze rozpocz\u0119\u0142a si\u0119 reklama: <em>m\u00f3j pierwszy raz? Pewnie, \u017ce si\u0119 denerwowa\u0142am<\/em>. Chodzi o soczewki, kiedy on, w zamy\u015bleniu spogl\u0105daj\u0105c przez okno, dopowiada ciep\u0142ym g\u0142osem ze zmys\u0142ow\u0105 m\u0119sk\u0105 chrypk\u0105: <em>no wiesz&#8230; a co, je\u015bli co\u015b posz\u0142oby nie tak?<\/em><\/p>\n<p style=\"text-align: justify;\">Chodzi o soczewki, kiedy&#8230; ona: <em>zamkn\u0119\u0142am oczy<\/em>&#8230; On, wsp\u00f3\u0142brzmi\u0105c z ni\u0105, wr\u0119cz tworz\u0105c z ni\u0105 jedno cia\u0142o (narracyjne, ma si\u0119 rozumie\u0107): &#8230;<em>a kiedy je otworzy\u0142em&#8230; <\/em>Ona: <em>&#8230;poczu\u0142am si\u0119 zupe\u0142nie inn\u0105 osob\u0105 \u2013 woln\u0105 i pewn\u0105 siebie<\/em>.<\/p>\n<p style=\"text-align: justify;\">I jeszcze si\u0119 nie domy\u015blamy \u2013 a w\u0142a\u015bciwie nie domy\u015blaliby\u015bmy si\u0119, gdybym zawczasu wszystkiego nie zepsu\u0142 \u2013 \u017ce chodzi o soczewki, kiedy oboje w uniesieniu, w rytm przyspieszaj\u0105cej muzyki, m\u00f3wi\u0105: <em>m\u00f3j pierwszy raz <\/em>[tu emocje si\u0119gaj\u0105 zenitu]<em> z soczewkami kontaktowymi Air Optix.<\/em><\/p>\n<p style=\"text-align: justify;\">Niespodzianka! Fanfary! Zaskoczenie! Kto by si\u0119 spodziewa\u0142?<\/p>\n<p style=\"text-align: justify;\">Ale\u017c ci tw\u00f3rcy reklam s\u0105&#8230; tw\u00f3rczy!<\/p>\n<p style=\"text-align: center;\"><iframe loading=\"lazy\" src=\"https:\/\/www.youtube.com\/embed\/vOn4L2IB2Es\" width=\"850\" height=\"478\" frameborder=\"0\" allowfullscreen=\"allowfullscreen\"><\/iframe><\/p>\n<p style=\"text-align: justify;\">A i tak reklamodawca posk\u0105pi\u0142 nam solidnej porcji wzrusze\u0144, bo w d\u0142u\u017cszym, p\u00f3\u0142toraminutowym filmiku zbieraj\u0105cym relacje kilku innych os\u00f3b p\u0142ci wszelakiej, dost\u0119pnym jedynie w wersji zamorskiej (ale z lokalnymi napisami) s\u0142yszymy \u2013 tudzie\u017c czytamy \u2013 o owym pierwszym razie, \u017ce:<\/p>\n<p style=\"text-align: justify;\">&#8211; to by\u0142o tak dawno temu<\/p>\n<p style=\"text-align: justify;\">&#8211; mia\u0142em pewnie ze 16 lat<\/p>\n<p style=\"text-align: justify;\">&#8211; oczywi\u015bcie, \u017ce si\u0119 denerwowa\u0142am<\/p>\n<p style=\"text-align: justify;\">&#8211; ale&#8230; by\u0142o dobrze<\/p>\n<p style=\"text-align: justify;\">&#8211; chocia\u017c przecie\u017c mog\u0142o si\u0119 nie uda\u0107<\/p>\n<p style=\"text-align: justify;\">&#8211; bo to przecie\u017c zupe\u0142nie nowe do\u015bwiadczenie<\/p>\n<p style=\"text-align: justify;\">&#8211; ale on nauczy\u0142 mnie, jak to robi\u0107<\/p>\n<p style=\"text-align: justify;\">&#8211; by\u0142 co prawda taki niezr\u0119czny moment<\/p>\n<p style=\"text-align: justify;\">&#8211; ale po tym jak zamkn\u0119\u0142am oczy i otworzy\u0142am je ponownie, by\u0142am zupe\u0142nie inn\u0105 osob\u0105<\/p>\n<p style=\"text-align: justify;\">&#8211; w\u0142o\u017cy\u0142am to sobie jeszcze kilka razy sama (I put it in a few more times myself)<\/p>\n<p style=\"text-align: justify;\">&#8211; nie chwal\u0105c si\u0119, szybko si\u0119 ucz\u0119<\/p>\n<p style=\"text-align: justify;\">&#8211; a dzisiaj to ju\u017c codzienno\u015b\u0107.<\/p>\n<p style=\"text-align: center;\"><iframe loading=\"lazy\" src=\"https:\/\/www.youtube.com\/embed\/8Cqq49_2fic\" width=\"850\" height=\"478\" frameborder=\"0\" allowfullscreen=\"allowfullscreen\"><\/iframe><\/p>\n<p style=\"text-align: justify;\">Ale w zasadzie ja nie o tym chcia\u0142em pisa\u0107. Chcia\u0142em pisa\u0107 o tym, \u017ce w finale owego kr\u00f3tszego \u2013 o wiele zbyt kr\u00f3tkiego \u2013 filmiku, lektor odczytuje nast\u0119puj\u0105cy komunikat:<\/p>\n<blockquote>\n<p style=\"text-align: justify;\">85% nowych u\u017cytkownik\u00f3w Air Optix \u2013 najpopularniejszych w Europie soczewek miesi\u0119cznych \u2013 czuje si\u0119 w nich komfortowo przez ca\u0142y dzie\u0144.<\/p>\n<\/blockquote>\n<p>&nbsp;<\/p>\n<p style=\"text-align: justify;\">85% czuje si\u0119 komfortowo ca\u0142y dzie\u0144. W miesi\u0119cznych soczewkach.<\/p>\n<p style=\"text-align: justify;\">85%. Dzie\u0144.<\/p>\n<p style=\"text-align: justify;\">I to maj\u0105 by\u0107 soczewki <em>miesi\u0119czne<\/em>?<\/p>\n<p style=\"text-align: center;\">***<\/p>\n<p style=\"text-align: justify;\">Suchy \u017cart? By\u0107 mo\u017ce, wi\u0119c na wszelki wypadek nie ko\u0144czmy jeszcze, by nie rozstawa\u0107 si\u0119 ze sob\u0105 z mieszanymi uczuciami. Zamiast tego, spr\u00f3bujmy wzi\u0105\u0107 na warsztat owe 85%. Czy 85% to du\u017co? Czy to wynik tak dobry, \u017ce nale\u017cy si\u0119 nim chwali\u0107 w reklamie? Czy ta liczba powinna na nas robi\u0107 wra\u017cenie? Czy to lepszy wynik, ni\u017c w konkurencyjnych soczewek?<\/p>\n<p style=\"text-align: justify;\">Nie wiemy.<\/p>\n<p style=\"text-align: justify;\">A co wiemy?<\/p>\n<p style=\"text-align: justify;\">Niewiele. W szczeg\u00f3lno\u015bci niewiele wiemy o przebadanych u\u017cytkownikach, poza tym, \u017ce byli to \u201e<em>nowi<\/em> u\u017cytkownicy\u201d (co swoj\u0105 drog\u0105 jest o tyle oczywiste, \u017ce reklamowane soczewki s\u0105 nowo\u015bci\u0105 rynkow\u0105, wi\u0119c trudno, by mia\u0142y one u\u017cytkownik\u00f3w innych ni\u017c nowi).<\/p>\n<p style=\"text-align: justify;\">Zupe\u0142nie nie wiemy wi\u0119c:<\/p>\n<ul style=\"text-align: justify;\">\n<li>jak przeprowadzone by\u0142o badanie?<\/li>\n<li>kto zosta\u0142 nim obj\u0119ty (np. wszyscy potencjalni u\u017cytkownicy soczewek kontaktowych czy tylko ich pewna grupa, np. osoby, kt\u00f3re ju\u017c przez okre\u015blony czas regularnie nosi\u0142y wcze\u015bniej soczewki)?<\/li>\n<li>czy grupa badanych by\u0142a w jakikolwiek spos\u00f3b ograniczona z uwagi na przeciwwskazania medyczne?<\/li>\n<li>w jaki spos\u00f3b rekrutowane by\u0142y osoby do badania?<\/li>\n<\/ul>\n<p style=\"text-align: justify;\">A s\u0105 to istotne pytania, bo od tego, jak rygorystycznie dobierane by\u0142y osoby, kt\u00f3re mog\u0142y uczestniczy\u0107 w badaniu, zale\u017cy prawdopodobie\u0144stwo, \u017ce b\u0119d\u0105 one dobrze tolerowa\u0107 <em>jakiekolwiek<\/em> soczewki kontaktowej.<\/p>\n<p style=\"text-align: justify;\">Je\u015bli wzi\u0119to pod uwag\u0119 kompletnie przypadkowych klient\u00f3w salon\u00f3w optycznych, a jedynym warunkiem rekrutacji by\u0142a wada wzroku mo\u017cliwa do skorygowania za pomoc\u0105 soczewek, 85% mo\u017ce by\u0107 dobrym wynikiem, chocia\u017cby dlatego, \u017ce w tej grupie znalaz\u0142yby si\u0119 osoby \u2013 skoro jeste\u015bmy przy suchych \u017cartach \u2013 z zespo\u0142em suchego oka. Wed\u0142ug bada\u0144 epidemiologicznych, na przypad\u0142o\u015b\u0107 t\u0119, o kt\u00f3rej w wielu przypadkach pacjenci dowiaduj\u0105 si\u0119 w\u0142a\u015bnie przy okazji pr\u00f3b z soczewkami kontaktowymi, <a href=\"http:\/\/okulistyka.mp.pl\/chorobyoczu\/chorobyspojowki\/86727,zespol-suchego-oka\" target=\"_blank\">cierpi od 11 do 17% populacji<\/a>. I o ile zesp\u00f3\u0142 suchego oka nie jest bezwzgl\u0119dnym przeciwwskazaniem do noszenia szkie\u0142 kontaktowych, to statystycznie rzecz bior\u0105c, znacznie zwi\u0119ksza ryzyko, \u017ce nie b\u0119d\u0105 one tolerowane.<\/p>\n<p style=\"text-align: justify;\">Je\u015bli jednak osoby bior\u0105ce udzia\u0142 w badaniu by\u0142y selekcjonowane w bardziej rygorystyczny spos\u00f3b, na przyk\u0142ad przez okulist\u00f3w lub optyk\u00f3w, lub musia\u0142y pochwali\u0107 si\u0119 odpowiednio d\u0142ugim czasem noszenia szkie\u0142 kontaktowych w przesz\u0142o\u015bci, to si\u0142\u0105 rzeczy w takiej grupie relatywnie wi\u0119cej b\u0119dzie os\u00f3b, kt\u00f3re <em>generalnie<\/em> du\u017co lepiej toleruj\u0105 <em>jakiekolwiek <\/em>szk\u0142a kontaktowe i <em>generalnie <\/em>czuj\u0105 si\u0119 w nich lepiej przez ca\u0142y dzie\u0144 \u2013 albo i d\u0142u\u017cej. Si\u0142\u0105 rzeczy b\u0119dzie wi\u0119c w takiej grupie relatywnie wi\u0119cej os\u00f3b takich jak kole\u017canka mojej \u017cony, kt\u00f3ra dopiero wtedy zorientowa\u0142a si\u0119, \u017ce sp\u0119dzi\u0142a w soczewkach ca\u0142y poprzedni dzie\u0144, a nast\u0119pnie przespa\u0142a ca\u0142\u0105 noc, kiedy daj\u0105c si\u0119 ponie\u015b\u0107 rutynie poranka, za\u0142o\u017cy\u0142a ich kolejn\u0105 par\u0119.<\/p>\n<p style=\"text-align: justify;\">Tak \u2013 <em>kolejn\u0105<\/em>. Za\u0142o\u017cy\u0142a kolejn\u0105 par\u0119 na t\u0119, kt\u00f3rej zapomnia\u0142a zdj\u0105\u0107 poprzedniego dna.<\/p>\n<p style=\"text-align: justify;\">Wida\u0107 wi\u0119c chyba do\u015b\u0107 wyra\u017anie, \u017ce osiemdziesi\u0105t pi\u0119\u0107 procent osiemdziesi\u0119ciu pi\u0119ciu procentom nier\u00f3wne. Aby dowiedzie\u0107 si\u0119, czemu zatem jest r\u00f3wne osiemdziesi\u0105t pi\u0119\u0107 procent, <a href=\"https:\/\/www.facebook.com\/ZaKontaktowani\/posts\/1130870730326398?comment_id=1136644489749022&amp;comment_tracking=%7B%22tn%22%3A%22R%22%7D\" target=\"_blank\">zapyta\u0142em o badania<\/a> producenta soczewek Air Optix, firm\u0119 Alcon (Novartis), na Facebooku urz\u0119duj\u0105c\u0105 pod ma\u0142o urz\u0119dow\u0105 nazw\u0105 <a href=\"https:\/\/www.facebook.com\/ZaKontaktowani\/\" target=\"_blank\">Za-Kontaktowani<\/a>.<\/p>\n<p style=\"text-align: justify;\">Zada\u0142em dok\u0142adnie te same pytania, kt\u00f3re czytali\u015bcie wymienione w punktach par\u0119 akapit\u00f3w wy\u017cej.<\/p>\n<p style=\"text-align: justify;\">I dosta\u0142em odpowiedzi!<\/p>\n<p style=\"text-align: justify;\">I, jak to zwykle bywa, gdy zadaje si\u0119 przedstawicielom firm do\u015b\u0107 konkretne pytania, by\u0142y to odpowiedzi na zupe\u0142nie inne pytania.<\/p>\n<p style=\"text-align: justify;\">Dowiedzia\u0142em si\u0119 wi\u0119c, \u017ce:<\/p>\n<blockquote>\n<p style=\"text-align: justify;\">Uprzejmie informujemy, \u017ce dane na temat liczby u\u017cytkownik\u00f3w soczewek kontaktowych AIR OPTIX, kt\u00f3rzy czuli si\u0119 komfortowo przez ca\u0142y dzie\u0144 pochodz\u0105 z badania przeprowadzonego we W\u0142oszech, Niemczech i Francji na pr\u00f3bie 433 u\u017cytkownik\u00f3w soczewek kontaktowych. Badanie mia\u0142o form\u0119 &#8211; ankiety deklaracji satysfakcji. W badaniu bra\u0142y udzia\u0142 osoby u\u017cywaj\u0105ce w chwili badania soczewek AIR OPTIX<\/p>\n<\/blockquote>\n<p style=\"text-align: right;\">\u0179r\u00f3d\u0142o: odpowied\u017a na <a href=\"https:\/\/www.facebook.com\/ZaKontaktowani\/posts\/1130870730326398?comment_id=1136644489749022&amp;reply_comment_id=1137648149648656&amp;comment_tracking=%7B%22tn%22%3A%22R%22%7D\" target=\"_blank\">facebookowym profilu marki<\/a><\/p>\n<p style=\"text-align: justify;\">Poza tym, \u017ce nie jest to odpowied\u017a na moje pytania, to w dodatku niezale\u017cnie od tego, na jakie pytania to jest odpowied\u017a, to mog\u0119 doda\u0107, \u017ce jest to odpowied\u017a ma\u0142o wyczerpuj\u0105ca. Za-Kontaktowani zapomnieli wspomnie\u0107, \u017ce badanie zosta\u0142o przeprowadzone w lipcu 2016.<\/p>\n<p style=\"text-align: justify;\">Sk\u0105d to wiem?<\/p>\n<p style=\"text-align: justify;\">Bo ta odpowied\u017a nie wnios\u0142a niczego nowego. Dok\u0142adnie tych samych informacji mo\u017cna doszuka\u0107 si\u0119 w samej reklamie. To znaczy mog\u0105 si\u0119 ich doszuka\u0107 ci, kt\u00f3rzy albo nie maj\u0105 problem\u00f3w ze wzrokiem, albo ju\u017c maj\u0105 \u2013 i to na sobie \u2013 dobrze dopasowane soczewki lub okulary, gdy\u017c informacje te zosta\u0142y przedstawione z wykorzystaniem technik <a href=\"https:\/\/www.maltreting.pl\/index.php\/tagi\/marketing-okulistyczny\/\">marketingu okulistycznego<\/a>, czyli z zastosowaniem czcionki o wielko\u015bci sprzyjaj\u0105cej kamufla\u017cowi. (Na marginesie: forma wideo umo\u017cliwi\u0142a dodatkowo wykorzystanie techniki marketingu okulistycznego w wariancie dynamicznym: nawet je\u015bli siedzicie akurat z nosem w ekranie, to nie macie szans, \u017ceby\u015bcie przeczytali ca\u0142y tekst, zanim ten zniknie z ekranu).<\/p>\n<div id=\"attachment_4585\" style=\"width: 860px\" class=\"wp-caption aligncenter\"><a href=\"https:\/\/www.maltreting.pl\/wp-content\/uploads\/2016\/10\/pierwszy-raz-packshot.jpg\"><img aria-describedby=\"caption-attachment-4585\" decoding=\"async\" loading=\"lazy\" class=\"size-large wp-image-4585\" src=\"https:\/\/www.maltreting.pl\/wp-content\/uploads\/2016\/10\/pierwszy-raz-packshot-1024x768.jpg\" alt=\"Zrzut ekranu zrobi\u0142em na iPadzie \u2013 na ekranie mojego laptopa (o rozdzielczo\u015bci 1280x800) ma\u0142y druk prezentowa\u0142 si\u0119 mniej czytelnie i zdecydowanie mniej estetycznie.\" width=\"850\" height=\"637\" srcset=\"https:\/\/www.maltreting.pl\/wp-content\/uploads\/2016\/10\/pierwszy-raz-packshot-1024x768.jpg 1024w, https:\/\/www.maltreting.pl\/wp-content\/uploads\/2016\/10\/pierwszy-raz-packshot-300x225.jpg 300w, https:\/\/www.maltreting.pl\/wp-content\/uploads\/2016\/10\/pierwszy-raz-packshot-466x350.jpg 466w, https:\/\/www.maltreting.pl\/wp-content\/uploads\/2016\/10\/pierwszy-raz-packshot-150x112.jpg 150w, https:\/\/www.maltreting.pl\/wp-content\/uploads\/2016\/10\/pierwszy-raz-packshot.jpg 2048w\" sizes=\"(max-width: 850px) 100vw, 850px\" \/><\/a><p id=\"caption-attachment-4585\" class=\"wp-caption-text\">Zrzut ekranu zrobi\u0142em na iPadzie \u2013 na ekranie mojego laptopa (o rozdzielczo\u015bci 1280&#215;800) ma\u0142y druk prezentowa\u0142 si\u0119 mniej czytelnie i zdecydowanie mniej estetycznie. Pe\u0142ny rozmiar dost\u0119pny po klikni\u0119ciu.<\/p><\/div>\n<p style=\"text-align: justify;\">I tutaj pojawia si\u0119 kolejne, ostatnie ju\u017c pytanie: co chodzi\u0142o po g\u0142owie dzielnym marketerom z Air Optix \/ Alcon, kiedy w reklamie soczewek kontaktowych zamie\u015bcili tekst, kt\u00f3rego potencjalni klienci nie przeczytaj\u0105<em> nie maj\u0105c<\/em> szkie\u0142 kontaktowych?<\/p>\n<p style=\"text-align: justify;\">I z tym pytaniem Was zostawiam.<\/p>\n<p style=\"text-align: justify;\"><span style=\"font-size: xx-small;\">Gor\u0105co \u2013 i okulistycznie \u2013 pozdrawiaj\u0105c przy okazji ekip\u0119 Air Optix.<\/span><\/p>\n\n<!-- Facebook Like Button v1.9.6 BEGIN [http:\/\/blog.bottomlessinc.com] -->\n<iframe src=\"http:\/\/www.facebook.com\/plugins\/like.php?href=https%3A%2F%2Fwww.maltreting.pl%2Findex.php%2F2016%2F10%2Fmoj-pierwszy-raz%2F&amp;layout=button_count&amp;show_faces=false&amp;width=450&amp;action=like&amp;colorscheme=light\" scrolling=\"no\" frameborder=\"0\" allowTransparency=\"true\" style=\"border:none; overflow:hidden; width:450px; height: 30px; align: left; margin: 12px 0px 6px 0px\"><\/iframe>\n<!-- Facebook Like Button END -->\n","protected":false},"excerpt":{"rendered":"<p>Przypuszczam, \u017ce nie kojarzycie tych reklam, kt\u00f3re maj\u0105 si\u0119 wam kojarzy\u0107, ale w jak\u017ce zaskakuj\u0105cym finale okazuje si\u0119, \u017ce wcale nie chodzi o skojarzenia? Ja mo\u017ce podam par\u0119 przyk\u0142ad\u00f3w, \u017ceby\u015bmy wiedzieli, o czym m\u00f3wimy:<\/p>\n<p> <a class=\"continue-reading-link\" href=\"https:\/\/www.maltreting.pl\/index.php\/2016\/10\/moj-pierwszy-raz\/\"><span>Czytaj dalej<\/span><i class=\"crycon-right-dir\"><\/i><\/a> <\/p>\n","protected":false},"author":3,"featured_media":4583,"comment_status":"open","ping_status":"open","sticky":false,"template":"","format":"standard","meta":{"sfsi_plus_gutenberg_text_before_share":"","sfsi_plus_gutenberg_show_text_before_share":"","sfsi_plus_gutenberg_icon_type":"","sfsi_plus_gutenberg_icon_alignemt":"","sfsi_plus_gutenburg_max_per_row":""},"categories":[1],"tags":[611,612,76,508,613,18,30,610],"_links":{"self":[{"href":"https:\/\/www.maltreting.pl\/index.php\/wp-json\/wp\/v2\/posts\/4582"}],"collection":[{"href":"https:\/\/www.maltreting.pl\/index.php\/wp-json\/wp\/v2\/posts"}],"about":[{"href":"https:\/\/www.maltreting.pl\/index.php\/wp-json\/wp\/v2\/types\/post"}],"author":[{"embeddable":true,"href":"https:\/\/www.maltreting.pl\/index.php\/wp-json\/wp\/v2\/users\/3"}],"replies":[{"embeddable":true,"href":"https:\/\/www.maltreting.pl\/index.php\/wp-json\/wp\/v2\/comments?post=4582"}],"version-history":[{"count":2,"href":"https:\/\/www.maltreting.pl\/index.php\/wp-json\/wp\/v2\/posts\/4582\/revisions"}],"predecessor-version":[{"id":4586,"href":"https:\/\/www.maltreting.pl\/index.php\/wp-json\/wp\/v2\/posts\/4582\/revisions\/4586"}],"wp:featuredmedia":[{"embeddable":true,"href":"https:\/\/www.maltreting.pl\/index.php\/wp-json\/wp\/v2\/media\/4583"}],"wp:attachment":[{"href":"https:\/\/www.maltreting.pl\/index.php\/wp-json\/wp\/v2\/media?parent=4582"}],"wp:term":[{"taxonomy":"category","embeddable":true,"href":"https:\/\/www.maltreting.pl\/index.php\/wp-json\/wp\/v2\/categories?post=4582"},{"taxonomy":"post_tag","embeddable":true,"href":"https:\/\/www.maltreting.pl\/index.php\/wp-json\/wp\/v2\/tags?post=4582"}],"curies":[{"name":"wp","href":"https:\/\/api.w.org\/{rel}","templated":true}]}}