{"id":3144,"date":"2012-10-17T00:40:46","date_gmt":"2012-10-16T23:40:46","guid":{"rendered":"http:\/\/www.maltreting.pl\/?p=3144"},"modified":"2013-12-23T10:07:18","modified_gmt":"2013-12-23T09:07:18","slug":"co-komu-moze-stanac-w-gardle","status":"publish","type":"post","link":"https:\/\/www.maltreting.pl\/index.php\/2012\/10\/co-komu-moze-stanac-w-gardle\/","title":{"rendered":"Co komu mo\u017ce stan\u0105\u0107 w gardle?"},"content":{"rendered":"<p style=\"text-align: justify;\"><em>Wbrew wszelkim zasadom budowania napi\u0119cia, na niew\u0105tpliwie intryguj\u0105ce freudowskimi konotacjami pytanie zawarte w tytule odpowiem ju\u017c w drugim zdaniu. Ot\u00f3\u017c spr\u00f3buj\u0119 udowodni\u0107, \u017ce w gardle mo\u017ce stan\u0105\u0107 fasola, i to bananem.<\/em><\/p>\n<p style=\"text-align: justify;\"><em>Cholera, no i nie uda\u0142o si\u0119. Nie odpowiedzia\u0142em jeszcze na pytanie &#8222;komu?&#8221;<\/em><\/p>\n<p><!--more--><\/p>\n<p style=\"text-align: justify;\">Kupiec to firma b\u0119d\u0105ca &#8211; <a href=\"http:\/\/www.kupiec-www.eserwerownia.com\/content_pl\/26\/33\/0\/o_firmie\" target=\"_blank\">jak sama o sobie m\u00f3wi<\/a> &#8211; jednym z najwi\u0119kszych producent\u00f3w zdrowej \u017cywno\u015bci w Polsce. Cokolwiek by to nie znaczy\u0142o.<\/p>\n<p style=\"text-align: justify;\">Jak firma dalej sama o sobie m\u00f3wi, wi\u0119kszo\u015b\u0107 jej produkt\u00f3w wpisuje si\u0119 w piramid\u0119 zdrowego \u017cywienia. Cokolwiek by to nie znaczy\u0142o.<\/p>\n<p style=\"text-align: justify;\">Facebookowym ramieniem Kupca jest profil <a href=\"https:\/\/www.facebook.com\/cosnazab\" target=\"_blank\">Co\u015b na z\u0105b<\/a>, gromadz\u0105cy obecnie oko\u0142o 17 tysi\u0119cy fan\u00f3w. Ca\u0142kiem niedawno na wspomnianym profilu pojawi\u0142o si\u0119 to zdj\u0119cie:<\/p>\n<div id=\"attachment_3147\" style=\"width: 560px\" class=\"wp-caption aligncenter\"><a href=\"https:\/\/www.maltreting.pl\/wp-content\/uploads\/2012\/10\/cos_na_zab_kasza.jpg\"><img aria-describedby=\"caption-attachment-3147\" decoding=\"async\" class=\"size-full wp-image-3147\" title=\"cos_na_zab_kasza\" src=\"https:\/\/www.maltreting.pl\/wp-content\/uploads\/2012\/10\/cos_na_zab_kasza.jpg\" alt=\"cos_na_zab_kasza\" width=\"550\" srcset=\"https:\/\/www.maltreting.pl\/wp-content\/uploads\/2012\/10\/cos_na_zab_kasza.jpg 847w, https:\/\/www.maltreting.pl\/wp-content\/uploads\/2012\/10\/cos_na_zab_kasza-300x187.jpg 300w\" sizes=\"(max-width: 847px) 100vw, 847px\" \/><\/a><p id=\"caption-attachment-3147\" class=\"wp-caption-text\">Kupiec kpi.<\/p><\/div>\n<p style=\"text-align: center;\">\u00a0<\/p>\n<p style=\"text-align: justify;\">Jak wida\u0107, Co\u015b na z\u0105b raczy tutaj pokpiwa\u0107 z produktu konkurencji: kaszy manny, w kt\u00f3rej znajdujemy poka\u017an\u0105 ilo\u015b\u0107 dodatku nie wymienionego zapewne na li\u015bcie sk\u0142adnik\u00f3w &#8211; fasoli. Trzeba przyzna\u0107, \u017ce to odwa\u017cna taktyka ze strony firmy, kt\u00f3ra robi co\u015b dok\u0142adnie przeciwnego, czyli umieszcza na opakowaniu informacj\u0119 o sk\u0142adniku, kt\u00f3rego w produkcie nie ma. Przesuwa to znan\u0105 nam ju\u017c koncepcj\u0119 <a href=\"https:\/\/www.maltreting.pl\/index.php\/tagi\/marketing-homeopatyczny\/\">marketingu homeopatycznego<\/a> w kierunki rozleg\u0142ej krainy marketingu transcendentnego. (O marketingu transcendentnym m\u00f3wimy wtedy, gdy sk\u0142adnik, kt\u00f3rego istnienie sugeruje producent, wyzwoli\u0142 si\u0119 z ok\u00f3w tradycyjnie pojmowanej materii i istnieje wy\u0142\u0105cznie w jednym z alternatywnych wymiar\u00f3w.)<\/p>\n<p style=\"text-align: justify;\">O co chodzi? O banany. Banany, kt\u00f3re dumnie widniej\u0105 na froncie opakowania <strong>owsianki Co\u015b na z\u0105b: jab\u0142ko i banan<\/strong>. (W\u0142a\u015bciwie widnieje, bo banan jest jeden &#8211; ale jak si\u0119 oka\u017ce, nawet jeden banan to w tym przypadku i tak zdecydowanie za du\u017co.)<\/p>\n<p style=\"text-align: justify;\">Banany widniej\u0105 (widnieje) na froncie, widniej\u0105 na rewersie, z tym wszak zastrze\u017ceniem, \u017ce na rewersie widniej\u0105 wsz\u0119dzie za wyj\u0105tkiem listy sk\u0142adnik\u00f3w. Na li\u015bcie sk\u0142adnik\u00f3w figuruje za to inny sk\u0142adnik: suszone jab\u0142ko o smaku banana.<\/p>\n<p style=\"text-align: justify;\">Tak. Nie przewidzieli\u015bcie si\u0119. Mogliby\u015bcie co prawda dla upewnienia po prostu cofn\u0105\u0107 si\u0119 o jeden akapit i przeczyta\u0107 ponownie, ale ja b\u0119d\u0119 tak mi\u0142y, \u017ce powt\u00f3rz\u0119: suszone jab\u0142ko o smaku banana.<\/p>\n<div id=\"attachment_3146\" style=\"width: 560px\" class=\"wp-caption aligncenter\"><a href=\"https:\/\/www.maltreting.pl\/wp-content\/uploads\/2012\/10\/cos_na_zab.jpg\"><img aria-describedby=\"caption-attachment-3146\" decoding=\"async\" class=\"size-full wp-image-3146\" title=\"cos_na_zab\" src=\"https:\/\/www.maltreting.pl\/wp-content\/uploads\/2012\/10\/cos_na_zab.jpg\" alt=\"cos_na_zab\" width=\"550\" srcset=\"https:\/\/www.maltreting.pl\/wp-content\/uploads\/2012\/10\/cos_na_zab.jpg 900w, https:\/\/www.maltreting.pl\/wp-content\/uploads\/2012\/10\/cos_na_zab-300x224.jpg 300w\" sizes=\"(max-width: 900px) 100vw, 900px\" \/><\/a><p id=\"caption-attachment-3146\" class=\"wp-caption-text\">Ciekawe, czy bananowego smaku jab\u0142ko nabiera w procesie suszenia, czy te\u017c ma go od pocz\u0105tku?<\/p><\/div>\n<p style=\"text-align: justify;\">O ustosunkowanie si\u0119 do tematu ma\u0142o ortodoksyjnego sk\u0142adu jab\u0142kowo-bananowej owsianki wys\u0142annik Maltretingu poprosi\u0142 &#8211; tradycyjnie &#8211; Pragn\u0105cego Zachowa\u0107 Anonimowo\u015b\u0107 Rzecznika Prasowego firmy. Trzeba przyzna\u0107, \u017ce Pragn\u0105cy Zachowa\u0107 ju\u017c przed rozmow\u0105 zdradza\u0142 pewne oznaki poirytowania (do pewnego stopnia uzasadnione, gdy\u017c ostatnio odpowiada\u0142 na pytania do\u015b\u0107 cz\u0119sto: <a href=\"https:\/\/www.maltreting.pl\/index.php\/2012\/10\/to-musi-byc-koniec-swiata\/\">o prosz\u0119<\/a> i <a href=\"https:\/\/www.maltreting.pl\/index.php\/2012\/10\/historia-napisana-na-nowo\/\">o bardzo<\/a>), jednak takiej reakcji&#8230; nie zapowiada\u0142o nic.<\/p>\n<p style=\"text-align: center;\">\u00a0<a href=\"https:\/\/www.maltreting.pl\/wp-content\/uploads\/2012\/10\/komiks_kupiec_banan.jpg\"><img decoding=\"async\" loading=\"lazy\" class=\"aligncenter size-full wp-image-3145\" title=\"komiks_kupiec_banan\" src=\"https:\/\/www.maltreting.pl\/wp-content\/uploads\/2012\/10\/komiks_kupiec_banan.jpg\" alt=\"komiks_kupiec_banan\" width=\"540\" height=\"988\" srcset=\"https:\/\/www.maltreting.pl\/wp-content\/uploads\/2012\/10\/komiks_kupiec_banan.jpg 600w, https:\/\/www.maltreting.pl\/wp-content\/uploads\/2012\/10\/komiks_kupiec_banan-559x1024.jpg 559w\" sizes=\"(max-width: 540px) 100vw, 540px\" \/><\/a><\/p>\n<p style=\"text-align: justify;\">PS. Je\u015bli ponad tekst lubicie obrazki i chcieliby\u015bcie podzieli\u0107 si\u0119 nimi z wykorzystaniem <a href=\"http:\/\/www.facebook.com\/maltreting\" target=\"_blank\">Facebooka<\/a>, <a href=\"https:\/\/plus.google.com\/b\/106600611954769822636\/106600611954769822636\" target=\"_blank\">Google+<\/a> czy innych narz\u0119dzi <a href=\"https:\/\/www.maltreting.pl\/index.php\/2012\/03\/era-informacji\/\">masowej dezinformacji<\/a>, to uprzejmie informuj\u0119, \u017ce wkr\u00f3tce pojawi si\u0119 tak\u017ce zupe\u0142nie autonomiczna, nie potrzebuj\u0105ca tekstu, wersja komiksu o Rzeczniku.<script src=\"http:\/\/home.hit.stat24.com\/_1350423363873\/script.js?id=p31LcD8vULltyfdfyfQZyYaSrmFpcsLuZBn2uRPL_Dr._7\" type=\"text\/javascript\"><\/script><script src=\"http:\/\/home.hit.stat24.com\/cachedscriptxy.js\" type=\"text\/javascript\"><\/script>\u00a0<\/p>\n\n<!-- Facebook Like Button v1.9.6 BEGIN [http:\/\/blog.bottomlessinc.com] -->\n<iframe src=\"http:\/\/www.facebook.com\/plugins\/like.php?href=https%3A%2F%2Fwww.maltreting.pl%2Findex.php%2F2012%2F10%2Fco-komu-moze-stanac-w-gardle%2F&amp;layout=button_count&amp;show_faces=false&amp;width=450&amp;action=like&amp;colorscheme=light\" scrolling=\"no\" frameborder=\"0\" allowTransparency=\"true\" style=\"border:none; overflow:hidden; width:450px; height: 30px; align: left; margin: 12px 0px 6px 0px\"><\/iframe>\n<!-- Facebook Like Button END -->\n","protected":false},"excerpt":{"rendered":"<p>Wbrew wszelkim zasadom budowania napi\u0119cia, na niew\u0105tpliwie intryguj\u0105ce freudowskimi konotacjami pytanie zawarte w tytule odpowiem ju\u017c w drugim zdaniu. Ot\u00f3\u017c spr\u00f3buj\u0119 udowodni\u0107, \u017ce w gardle mo\u017ce stan\u0105\u0107 fasola, i to bananem.<\/p>\n<p> <a class=\"continue-reading-link\" href=\"https:\/\/www.maltreting.pl\/index.php\/2012\/10\/co-komu-moze-stanac-w-gardle\/\"><span>Czytaj dalej<\/span><i class=\"crycon-right-dir\"><\/i><\/a> <\/p>\n","protected":false},"author":3,"featured_media":0,"comment_status":"open","ping_status":"open","sticky":false,"template":"","format":"standard","meta":{"sfsi_plus_gutenberg_text_before_share":"","sfsi_plus_gutenberg_show_text_before_share":"","sfsi_plus_gutenberg_icon_type":"","sfsi_plus_gutenberg_icon_alignemt":"","sfsi_plus_gutenburg_max_per_row":""},"categories":[42,509],"tags":[36,468,61],"_links":{"self":[{"href":"https:\/\/www.maltreting.pl\/index.php\/wp-json\/wp\/v2\/posts\/3144"}],"collection":[{"href":"https:\/\/www.maltreting.pl\/index.php\/wp-json\/wp\/v2\/posts"}],"about":[{"href":"https:\/\/www.maltreting.pl\/index.php\/wp-json\/wp\/v2\/types\/post"}],"author":[{"embeddable":true,"href":"https:\/\/www.maltreting.pl\/index.php\/wp-json\/wp\/v2\/users\/3"}],"replies":[{"embeddable":true,"href":"https:\/\/www.maltreting.pl\/index.php\/wp-json\/wp\/v2\/comments?post=3144"}],"version-history":[{"count":4,"href":"https:\/\/www.maltreting.pl\/index.php\/wp-json\/wp\/v2\/posts\/3144\/revisions"}],"predecessor-version":[{"id":3149,"href":"https:\/\/www.maltreting.pl\/index.php\/wp-json\/wp\/v2\/posts\/3144\/revisions\/3149"}],"wp:attachment":[{"href":"https:\/\/www.maltreting.pl\/index.php\/wp-json\/wp\/v2\/media?parent=3144"}],"wp:term":[{"taxonomy":"category","embeddable":true,"href":"https:\/\/www.maltreting.pl\/index.php\/wp-json\/wp\/v2\/categories?post=3144"},{"taxonomy":"post_tag","embeddable":true,"href":"https:\/\/www.maltreting.pl\/index.php\/wp-json\/wp\/v2\/tags?post=3144"}],"curies":[{"name":"wp","href":"https:\/\/api.w.org\/{rel}","templated":true}]}}