{"id":3124,"date":"2012-10-10T20:31:25","date_gmt":"2012-10-10T19:31:25","guid":{"rendered":"http:\/\/www.maltreting.pl\/?p=3124"},"modified":"2013-12-23T10:07:35","modified_gmt":"2013-12-23T09:07:35","slug":"to-musi-byc-koniec-swiata","status":"publish","type":"post","link":"https:\/\/www.maltreting.pl\/index.php\/2012\/10\/to-musi-byc-koniec-swiata\/","title":{"rendered":"To musi by\u0107 koniec \u015bwiata"},"content":{"rendered":"<p style=\"text-align: justify;\"><em>Czy potraficie sobie wyobrazi\u0107 \u015bwiat, w kt\u00f3rym wszelkiej ma\u015bci markety zapomnia\u0142y o istnieniu cyfry &#8222;9&#8221;? Cyfry, kt\u00f3ra eksploatowana jest tak intensywnie, \u017ce zachodzi obawa, \u017ce jej zasoby nied\u0142ugo ulegn\u0105 wyczerpaniu?<\/em><\/p>\n<p style=\"text-align: justify;\"><em>Nie potraficie?<\/em><\/p>\n<p style=\"text-align: justify;\"><em>No w\u0142a\u015bnie.<\/em><\/p>\n<p><!--more--><\/p>\n<p style=\"text-align: justify;\">Zanim przejdziemy do dania g\u0142\u00f3wnego, ma\u0142e og\u0142oszenie porz\u0105dkowe. Niniejszy wpis nawi\u0105zuje do ugruntowanej ju\u017c tradycji przenoszenia na &#8222;du\u017cy&#8221; Maltreting materia\u0142\u00f3w, kt\u00f3re istnia\u0142y wcze\u015bniej wy\u0142\u0105cznie na <a href=\"http:\/\/www.facebook.com\/maltreting\" target=\"_blank\">Facebooku<\/a>. Tak na wszelki wypadek &#8211; rzeczy, kt\u00f3re lubi\u0119,\u00a0lubi\u0119 mie\u0107 u siebie. Lepsze to ni\u017c tylko ufa\u0107, \u017ce ch\u0142opaki od Marka Z. nie wpadn\u0105 na to, \u017ceby pewnego pi\u0119knego dnia wykolegowa\u0107 mnie z Facebooka razem z ca\u0142ym dorobkiem.<\/p>\n<p style=\"text-align: justify;\">No dobrze, to do rzeczy. Komiks.<\/p>\n<p style=\"text-align: center;\"><img decoding=\"async\" loading=\"lazy\" class=\"size-full wp-image-3125 aligncenter\" title=\"komiks_lidl\" src=\"https:\/\/www.maltreting.pl\/wp-content\/uploads\/2012\/10\/komiks_lidl.jpg\" alt=\"komiks_lidl\" width=\"558\" height=\"890\" srcset=\"https:\/\/www.maltreting.pl\/wp-content\/uploads\/2012\/10\/komiks_lidl.jpg 558w, https:\/\/www.maltreting.pl\/wp-content\/uploads\/2012\/10\/komiks_lidl-188x300.jpg 188w\" sizes=\"(max-width: 558px) 100vw, 558px\" \/><\/p>\n<p style=\"text-align: justify;\">\u00a0<\/p>\n<p style=\"text-align: justify;\">PS. Jak by\u0107 mo\u017ce pami\u0119tacie, Pragn\u0105cy Zachowa\u0107 Anonimowo\u015b\u0107 ju\u017c <a href=\"https:\/\/www.maltreting.pl\/index.php\/2012\/08\/dokladnie-w-przyblizeniu-suplement\/\">wypowiada\u0142 si\u0119 na Maltretingu<\/a> w kwestii cen w tej w\u0142a\u015bnie kampanii Lidla, z kt\u00f3rej pochodzi reklama widoczna na obrazku powy\u017cej.<\/p>\n\n<!-- Facebook Like Button v1.9.6 BEGIN [http:\/\/blog.bottomlessinc.com] -->\n<iframe src=\"http:\/\/www.facebook.com\/plugins\/like.php?href=https%3A%2F%2Fwww.maltreting.pl%2Findex.php%2F2012%2F10%2Fto-musi-byc-koniec-swiata%2F&amp;layout=button_count&amp;show_faces=false&amp;width=450&amp;action=like&amp;colorscheme=light\" scrolling=\"no\" frameborder=\"0\" allowTransparency=\"true\" style=\"border:none; overflow:hidden; width:450px; height: 30px; align: left; margin: 12px 0px 6px 0px\"><\/iframe>\n<!-- Facebook Like Button END -->\n","protected":false},"excerpt":{"rendered":"<p>Czy potraficie sobie wyobrazi\u0107 \u015bwiat, w kt\u00f3rym wszelkiej ma\u015bci markety zapomnia\u0142y o istnieniu cyfry &#8222;9&#8221;? Cyfry, kt\u00f3ra eksploatowana jest tak intensywnie, \u017ce zachodzi obawa, \u017ce jej zasoby nied\u0142ugo ulegn\u0105 wyczerpaniu?<\/p>\n<p> <a class=\"continue-reading-link\" href=\"https:\/\/www.maltreting.pl\/index.php\/2012\/10\/to-musi-byc-koniec-swiata\/\"><span>Czytaj dalej<\/span><i class=\"crycon-right-dir\"><\/i><\/a> <\/p>\n","protected":false},"author":3,"featured_media":0,"comment_status":"open","ping_status":"open","sticky":false,"template":"","format":"standard","meta":{"sfsi_plus_gutenberg_text_before_share":"","sfsi_plus_gutenberg_show_text_before_share":"","sfsi_plus_gutenberg_icon_type":"","sfsi_plus_gutenberg_icon_alignemt":"","sfsi_plus_gutenburg_max_per_row":""},"categories":[509,1],"tags":[45,290,18],"_links":{"self":[{"href":"https:\/\/www.maltreting.pl\/index.php\/wp-json\/wp\/v2\/posts\/3124"}],"collection":[{"href":"https:\/\/www.maltreting.pl\/index.php\/wp-json\/wp\/v2\/posts"}],"about":[{"href":"https:\/\/www.maltreting.pl\/index.php\/wp-json\/wp\/v2\/types\/post"}],"author":[{"embeddable":true,"href":"https:\/\/www.maltreting.pl\/index.php\/wp-json\/wp\/v2\/users\/3"}],"replies":[{"embeddable":true,"href":"https:\/\/www.maltreting.pl\/index.php\/wp-json\/wp\/v2\/comments?post=3124"}],"version-history":[{"count":5,"href":"https:\/\/www.maltreting.pl\/index.php\/wp-json\/wp\/v2\/posts\/3124\/revisions"}],"predecessor-version":[{"id":3128,"href":"https:\/\/www.maltreting.pl\/index.php\/wp-json\/wp\/v2\/posts\/3124\/revisions\/3128"}],"wp:attachment":[{"href":"https:\/\/www.maltreting.pl\/index.php\/wp-json\/wp\/v2\/media?parent=3124"}],"wp:term":[{"taxonomy":"category","embeddable":true,"href":"https:\/\/www.maltreting.pl\/index.php\/wp-json\/wp\/v2\/categories?post=3124"},{"taxonomy":"post_tag","embeddable":true,"href":"https:\/\/www.maltreting.pl\/index.php\/wp-json\/wp\/v2\/tags?post=3124"}],"curies":[{"name":"wp","href":"https:\/\/api.w.org\/{rel}","templated":true}]}}