{"id":2980,"date":"2012-07-30T14:03:46","date_gmt":"2012-07-30T12:03:46","guid":{"rendered":"http:\/\/www.maltreting.pl\/?p=2980"},"modified":"2012-07-30T14:59:04","modified_gmt":"2012-07-30T12:59:04","slug":"slash-ludzie-czesc-i-maltreting","status":"publish","type":"post","link":"https:\/\/www.maltreting.pl\/index.php\/2012\/07\/slash-ludzie-czesc-i-maltreting\/","title":{"rendered":"Slash, ludzie! Cz\u0119\u015b\u0107 I &#8211; maltreting"},"content":{"rendered":"<p style=\"text-align: justify;\"><em><img decoding=\"async\" loading=\"lazy\" class=\"alignleft size-medium wp-image-2982\" title=\"slash_bilet_tn\" src=\"https:\/\/www.maltreting.pl\/wp-content\/uploads\/2012\/07\/slash_bilet_tn-300x135.jpg\" alt=\"slash_bilet_tn\" width=\"300\" height=\"135\" srcset=\"https:\/\/www.maltreting.pl\/wp-content\/uploads\/2012\/07\/slash_bilet_tn-300x135.jpg 300w, https:\/\/www.maltreting.pl\/wp-content\/uploads\/2012\/07\/slash_bilet_tn.jpg 700w\" sizes=\"(max-width: 300px) 100vw, 300px\" \/>Jakie\u015b trzy tygodnie zako\u0144czyli swoje triumfalne, jednokoncertowe tourn<\/em><em>\u00e9e po Polsce Guns N&#8217;Roses (w\u0142a\u015bciwie to chyba bardziej adekwatne by\u0142oby Guns<sup>TM<\/sup> N&#8217;Roses\u00ae), czas wi\u0119c najwy\u017cszy na maltretingow\u0105 relacj\u0119 z berli\u0144skiego koncertu sprzed ponad miesi\u0105ca. Koncertu Slasha, ma si\u0119 rozumie\u0107.<\/em><\/p>\n<p style=\"text-align: justify;\"><em>Tych, kt\u00f3rzy szukaj\u0105 wra\u017ce\u0144 z pogranicza marketingu i rozboju w bia\u0142y dzie\u0144, uspakajam &#8211; takowe jak najbardziej si\u0119 pojawi\u0105.<\/em><\/p>\n<p style=\"text-align: justify;\"><em>Tych, kt\u00f3rzy na s\u0142owo &#8222;Slash&#8221; reaguj\u0105 &#8211; podobnie jak ja &#8211; natychmiastowym zapomnieniem o problemach \u017cycia doczesnego, uspakajam &#8211; na relacj\u0119 czysto artystyczn\u0105 tak\u017ce znajdzie si\u0119 miejsce.<\/em><\/p>\n<p style=\"text-align: justify;\"><em>I b\u0119dzie to nawet miejsce audiowizualne, bo mimo \u017ce nag\u0142o\u015bnienie i o\u015bwietlenie na koncertach bywaj\u0105 ekstremalne, to miewaj\u0105ca ostatnio chwile uci\u0105\u017cliwej s\u0142abo\u015bci idiot-kamera od Panasonica da\u0142a sobie rad\u0119 zadziwiaj\u0105co dobrze.<\/em><\/p>\n<p><!--more--><\/p>\n<p style=\"text-align: justify;\"><strong>Prolog<\/strong><\/p>\n<p style=\"text-align: justify;\">Jakie\u015b dwa lata temu za\u0142o\u017cy\u0142em konto na Facebooku, g\u0142\u00f3wnie po to, \u017ceby promowa\u0107 Maltreting. Nied\u0142ugo potem zorientowa\u0142em si\u0119, \u017ce na Facebooku mo\u017cna podgl\u0105da\u0107 znanych i lubianych. Zacz\u0105\u0142em podgl\u0105da\u0107 wi\u0119c Slasha.<\/p>\n<p style=\"text-align: justify;\">Pierwszym wpisem Slasha jaki zobaczy\u0142em by\u0142 komunikat g\u0142osz\u0105cy mniej wi\u0119cej tyle: &#8222;Jeste\u015bmy ju\u017c w Pradze. Nie mog\u0119 si\u0119 doczeka\u0107 jutrzejszego koncertu&#8221;.<\/p>\n<p style=\"text-align: justify;\">Praga by\u0142a blisko, ale <em>jutro<\/em> &#8211; niestety jeszcze bli\u017cej.<\/p>\n<p style=\"text-align: justify;\">\u00a0<\/p>\n<p style=\"text-align: justify;\"><strong>Kolejny prolog<\/strong><\/p>\n<p style=\"text-align: justify;\">O berli\u0144skim koncercie (12.06.2012) dowiedzia\u0142em si\u0119 na szcz\u0119\u015bcie z wi\u0119kszym wyprzedzeniem. Zd\u0105\u017cy\u0142em si\u0119 wi\u0119c nale\u017cycie przygotowa\u0107 mentalnie i organizacyjnie.<\/p>\n<p style=\"text-align: justify;\">A przynajmniej tak mi si\u0119 wydawa\u0142o.<\/p>\n<p style=\"text-align: justify;\">\u00a0<\/p>\n<p style=\"text-align: justify;\"><strong>Bilety<\/strong><\/p>\n<p style=\"text-align: justify;\">Z kupnem bilet\u00f3w zwleka\u0142em niemal do ostatniej chwili &#8211; w czasach, w kt\u00f3rych wszystko za\u0142atwia si\u0119 on-line, kupno bilet\u00f3w jest w ko\u0144cu kwesti\u0105 minut.<\/p>\n<p style=\"text-align: justify;\">Albo &#8211; jak ju\u017c zauwa\u017cy\u0142em &#8211; przynajmniej tak mi si\u0119 wydawa\u0142o.<\/p>\n<p style=\"text-align: justify;\">Zwleka\u0142em, bo do samego ko\u0144ca nie wiedzia\u0142em, jak liczn\u0105 ekip\u0119 uda mi si\u0119 zebra\u0107. Ostatecznie do Berlina wybra\u0142em si\u0119 w wyj\u0105tkowo zacnym towarzystwie. W\u0142asnym.<\/p>\n<p style=\"text-align: justify;\">Opr\u00f3cz kwestii towarzystwa, do wyja\u015bnienia pozostawa\u0142a jeszcze jedna ma\u0142a sprawa. Ot\u00f3\u017c wcale nie by\u0142o takie oczywiste, na czyj koncert w\u0142a\u015bciwie si\u0119 wybiera\u0142em. Na <a href=\"http:\/\/www.slashonline.com\/\" target=\"_blank\">oficjalnej stronie Slasha<\/a> berli\u0144ski koncert figurowa\u0142 co prawda w zak\u0142adce &#8222;tour dates&#8221;, ale ju\u017c na <a href=\"http:\/\/www.eventim.de\/\" target=\"_blank\">stronie organizatora<\/a> (kt\u00f3rym by\u0142 niemiecki od\u0142am Eventim) w opisie koncertu wykonawc\u0105 by\u0142o&#8230; M\u00f6tley Cr\u00fce.<\/p>\n<p style=\"text-align: justify;\">Sk\u0142ama\u0142bym gdybym napisa\u0142, \u017ce nigdy nie by\u0142em fanem M\u00f6tley Cr\u00fce (cz\u0142owiek w m\u0142odo\u015bci pope\u0142nia r\u00f3\u017cne b\u0142\u0119dy), ale jako\u015b nie u\u015bmiecha\u0142a mi si\u0119 wizja koncertu, na kt\u00f3rym Slash by\u0142by supportem przed band\u0105 zabrzuszonych, podstarza\u0142ych hedonist\u00f3w z Los Angeles, kt\u00f3rych najdonio\u015blejszym osi\u0105gni\u0119ciem artystycznym by\u0142o bzykni\u0119cie Pameli Anderson. <a href=\"http:\/\/www.google.com\/search?q=tommy+lee+pamela+anderso\" target=\"_blank\">Publiczne zreszt\u0105<\/a>.<\/p>\n<p style=\"text-align: justify;\">Postanowi\u0142em wi\u0119c dowiedzie\u0107 si\u0119, o co chodzi. W epoce Internetu znajdowanie takich informacji jest \u0142atwe.<\/p>\n<p style=\"text-align: justify;\">Tak przynajmniej mi si\u0119 wydawa\u0142o.<\/p>\n<p style=\"text-align: justify;\">Przeszperanie strony organizatora nie przynios\u0142o jednak rezultat\u00f3w. Google&#8217;owanie reszty Internetu r\u00f3wnie\u017c. Podobnie jak pytanie zadane na <a href=\"http:\/\/www.facebook.com\/slash\" target=\"_blank\">fan page&#8217;u Slasha<\/a>. Zdecydowa\u0142em si\u0119 wi\u0119c na krok ostateczny. A w\u0142a\u015bciwie przedostateczny: e-mail do organizatora. Z kilkoma pytaniami:<\/p>\n<ul style=\"text-align: justify;\">\n<li>Czy 12.06.2012 w Max-Schmeling-Halle Slash w og\u00f3le wyst\u0119puje?<\/li>\n<li>Czy Slash da pe\u0142nowymiarowy koncert, czy te\u017c wyst\u0119puje jako support?<\/li>\n<li>Czy Slash gra przed czy po M\u00f6tley Cr\u00fce?<\/li>\n<\/ul>\n<p style=\"text-align: justify;\">Pytania, jak widzicie, by\u0142y proste. A przynajmniej tak si\u0119 Wam wydaje.<\/p>\n<p style=\"text-align: justify;\">Pytania wys\u0142a\u0142em 1 czerwca (w pi\u0105tek), licz\u0105c na szybk\u0105 odpowied\u017a &#8211; bilety planowa\u0142em kupi\u0107 najp\u00f3\u017aniej w weekend. Niestety, Eventim kaza\u0142 mi nieco poczeka\u0107 na odpowied\u017a, wi\u0119c \u017ceby m\u00f3j plan si\u0119 nie zawali\u0142, w niedziel\u0119 zdecydowa\u0142em si\u0119 na krok ostateczny. Naprawd\u0119 ostateczny.<\/p>\n<p style=\"text-align: justify;\">Zadzwoni\u0142em do organizatora.<\/p>\n<p style=\"text-align: justify;\">Skr\u00f3cony zapis rozmowy znajdziecie poni\u017cej; rozpocz\u0119\u0142a j\u0105 mi\u0142ym przywitaniem pani z Eventim:<\/p>\n<div id=\"attachment_2983\" style=\"width: 310px\" class=\"wp-caption alignright\"><a href=\"https:\/\/www.maltreting.pl\/wp-content\/uploads\/2012\/07\/slash_bilet.jpg\"><img aria-describedby=\"caption-attachment-2983\" decoding=\"async\" loading=\"lazy\" class=\"size-medium wp-image-2983\" title=\"slash_bilet\" src=\"https:\/\/www.maltreting.pl\/wp-content\/uploads\/2012\/07\/slash_bilet-300x126.jpg\" alt=\"slash_bilet\" width=\"300\" height=\"126\" srcset=\"https:\/\/www.maltreting.pl\/wp-content\/uploads\/2012\/07\/slash_bilet-300x126.jpg 300w, https:\/\/www.maltreting.pl\/wp-content\/uploads\/2012\/07\/slash_bilet.jpg 665w\" sizes=\"(max-width: 300px) 100vw, 300px\" \/><\/a><p id=\"caption-attachment-2983\" class=\"wp-caption-text\">Bilet do raju kosztuje nieca\u0142e 52 euro<\/p><\/div>\n<p style=\"text-align: justify;\">&#8211; <em>Gutenmorgenmajnedamenundheren!<\/em><\/p>\n<p style=\"text-align: justify;\"><em>&#8211; Ekhm&#8230; no tak&#8230; a mo\u017cemy tak inglisz machen?<\/em><\/p>\n<p style=\"text-align: justify;\"><em>&#8211; Ale\u017c oczywi\u015bcie, libe frojnd! W czym mog\u0119 pom\u00f3c?<\/em><\/p>\n<p style=\"text-align: justify;\"><em>&#8211; Chcia\u0142em si\u0119 dowiedzie\u0107, czy dwunastego czerwca w Max Schmeling Halle zagra mo\u017ce Slash? Bo sprawdza\u0142em na pa\u0144stwa stronie internetowej i prawie wszystko wskazywa\u0142oby na to, \u017ce tak b\u0119dzie, ale&#8230; No w\u0142a\u015bnie, prawie. Jest pewna drobna w\u0105tpliwo\u015b\u0107. W informacjach o koncercie nie ma nawet s\u0142owa o Slashu.<\/em><\/p>\n<p style=\"text-align: justify;\"><em>&#8211; O kim?<\/em><\/p>\n<p style=\"text-align: justify;\"><em>\u00a0&#8211; O Slashu.<\/em><\/p>\n<p style=\"text-align: justify;\"><em>&#8211; Aha&#8230; prosz\u0119 chwil\u0119 poczeka\u0107&#8230; momencik&#8230; Nie, nic nie mog\u0119 znale\u017a\u0107. A gdzie i kiedy ma by\u0107 ten koncert?<\/em><\/p>\n<p style=\"text-align: justify;\"><em>&#8211; 12 czerwca, Max Schmeling Halle, Berlin.<\/em><\/p>\n<p style=\"text-align: justify;\"><em>&#8211; I kto to ma by\u0107?<\/em><\/p>\n<p style=\"text-align: justify;\"><em>&#8211; Slash.<\/em><\/p>\n<p style=\"text-align: justify;\"><em>&#8211; Kto?<\/em><\/p>\n<p style=\"text-align: justify;\"><em>&#8211; Slash.<\/em><\/p>\n<p style=\"text-align: justify;\"><em>&#8211; Plesz?<\/em><\/p>\n<p style=\"text-align: justify;\"><em>&#8211; Nie &#8211; Slash. By\u0142y gitarzysta Guns N&#8217;Roses.<\/em><\/p>\n<p style=\"text-align: justify;\">W tym momencie rozmowy zapad\u0142o kr\u0119puj\u0105ce milczenie (ja kr\u0119powa\u0142em si\u0119 nieco bardziej, bo p\u0142aci\u0142em za po\u0142\u0105czenie mi\u0119dzynarodowe), po czym pani z Eventim spyta\u0142a:<\/p>\n<p style=\"text-align: justify;\"><em>&#8211; Czy to mo\u017ce jakie\u015b wydarzenie sportowe?<\/em><\/p>\n<p style=\"text-align: justify;\">Tu kr\u00f3tkie wyja\u015bnienie: by\u0107 mo\u017ce m\u00f3j angielski nie jest najwy\u017cszych lot\u00f3w, ale GN&#8217;R s\u0142ucham i uwielbiam w\u0142a\u015bciwie od ich pierwszej p\u0142yty, czyli od grubo ponad 20 lat. I co jak co, ale s\u0142owa &#8222;Slash&#8221; i &#8222;Guns N&#8217;Roses&#8221; nauczy\u0142em si\u0119 przez ten czas wymawia\u0107 wyj\u0105tkowo poprawnie.<\/p>\n<p style=\"text-align: justify;\"><em>&#8211; Nie, to koncert muzyczny. Rockowy<\/em>.<\/p>\n<p style=\"text-align: justify;\">Wreszcie pani z Eventim doszuka\u0142a si\u0119 czego\u015b w komputerze i spyta\u0142a:<\/p>\n<p style=\"text-align: justify;\"><em>&#8211; O, chyba mam&#8230; 12 czerwca, Max Schmeling Halle, wyst\u0119puje Sleszficzuringmajlskenediunddiekonspirators?<\/em><\/p>\n<p style=\"text-align: justify;\"><em>&#8211; O tak, dzi\u0119kuj\u0119 bardzo, to ten pan.<\/em><\/p>\n<p style=\"text-align: justify;\">Do drzwi zapuka\u0142 w\u0142a\u015bnie komornik by egzekwowa\u0107 rachunek za tocz\u0105c\u0105 si\u0119 rozmow\u0119, wi\u0119c nie kontynuowa\u0142em jej, mimo \u017ce mia\u0142em jeszcze dwa pytania w zanadrzu (te z maila). Zreszt\u0105 dzie\u0144 p\u00f3\u017aniej przysz\u0142a odpowied\u017a na pytania zadane mailem. A \u015bci\u015blej &#8211; na 1\/3 pyta\u0144 zadanych mailem. Pytania o to, czy Slash jest daje show w pe\u0142nym wymiarze godzin oraz o to czy wyst\u0119puje przed czy po MC, Eventim jako\u015b nie dostrzeg\u0142.<\/p>\n<p style=\"text-align: justify;\">Tak na marginesie &#8211; show w Berlinie by\u0142 bodaj\u017ce drugim z trzech koncert\u00f3w w Niemczech z M\u00f6tley Cr\u00fce. Par\u0119 dni p\u00f3\u017aniej, czytaj\u0105c komentarze po pierwszym koncercie z owych trzech, dowiedzia\u0142em si\u0119, \u017ce obie kapele &#8211; Slash z ch\u0142opakami i M\u00f6tley Cr\u00fce &#8211; graj\u0105 na r\u00f3wnych prawach, ale\u00a0 tylko po godzinie ka\u017cda. Kr\u00f3tko, ale mi\u0142o\u015b\u0107 fana jest \u015blepa.<\/p>\n<p style=\"text-align: justify;\"><strong>\u00a0<\/strong><\/p>\n<p style=\"text-align: justify;\"><strong>Bilety: saga trwa (ale ju\u017c kr\u00f3tko)<\/strong><\/p>\n<p style=\"text-align: justify;\">B\u0119d\u0105c pewnym, \u017ce Slasha zobacz\u0119 przez przynajmniej 30 minut (wiedzia\u0142em ju\u017c, \u017ce gra, ale nie wiedzia\u0142em, czy jako gwiazda czy support), przyst\u0105pi\u0142em do procesu zakupowego, w trakcie kt\u00f3rego dowiedzia\u0142em si\u0119, \u017ce w dobie bilet\u00f3w elektronicznych ja dostan\u0119 staromodny bilet papierowy.<\/p>\n<p style=\"text-align: justify;\">I \u017ce \u00f3w staromodny bilet papierowy wys\u0142any zostanie z wykorzystaniem staromodnej us\u0142ugi kurierskiej.<\/p>\n<p style=\"text-align: justify;\">A teraz&#8230; wpis jest do\u015b\u0107 d\u0142ugi, wi\u0119c coby\u015bcie nie zasn\u0119li &#8211; dla rozruszania ma\u0142a zagadka.<\/p>\n<p style=\"text-align: justify;\">Sam bilet koncert kosztowa\u0142 53,95 euro. Jak my\u015blicie, ile mog\u0142o kosztowa\u0107 jego wys\u0142anie z Niemiec do Polski?<\/p>\n<p style=\"text-align: justify;\">Dla u\u0142atwienia dodam, \u017ce bilet do taki kawa\u0142ek papieru, kt\u00f3ry w moim przypadku mie\u015bci\u0142 si\u0119 bez problemu w kopercie formatu DL, a Niemcy to ten kraj za miedz\u0105, kt\u00f3ry przegra\u0142 z nami wojn\u0119.<\/p>\n<p style=\"text-align: justify;\">No i chyba ta przegrana wojna jest kluczem do ceny przesy\u0142ki &#8211; musia\u0142 j\u0105 ustala\u0107 jaki\u015b cholerny rewan\u017cysta.<\/p>\n<p style=\"text-align: justify;\">Wysy\u0142ka kosztowa\u0142a bowiem 34,90 euro. Prawie 2\/3 ceny biletu.<\/p>\n<p style=\"text-align: justify;\">I dowiedzia\u0142em si\u0119 o tym w po\u0142owie procesu zakupowego. Wiecie &#8211; wybieracie sobie sektor na widowni, na stronie zaczyna tyka\u0107 zegar odmierzaj\u0105cy 20 minut, kiedy to bilet jest dla was zarezerwowany, a Wy przeklepawszy ju\u017c do r\u00f3\u017cnych formularzy po\u0142ow\u0119 \u017cyciorysu dowiadujecie si\u0119 nagle, \u017ce \u0142\u0105czny koszt imprezy to nie spodziewane pi\u0119\u0107dziesi\u0105t euras\u00f3w z ma\u0142ym kawa\u0142kiem, tylko zupe\u0142nie niespodziewane prawie dziewi\u0119\u0107dziesi\u0105t.<\/p>\n<div id=\"attachment_2986\" style=\"width: 210px\" class=\"wp-caption alignleft\"><a href=\"https:\/\/www.maltreting.pl\/wp-content\/uploads\/2012\/07\/slash_potwierdzenie.png\"><img aria-describedby=\"caption-attachment-2986\" decoding=\"async\" loading=\"lazy\" class=\"size-medium wp-image-2986\" title=\"slash_potwierdzenie\" src=\"https:\/\/www.maltreting.pl\/wp-content\/uploads\/2012\/07\/slash_potwierdzenie-200x300.png\" alt=\"slash_potwierdzenie\" width=\"200\" height=\"300\" srcset=\"https:\/\/www.maltreting.pl\/wp-content\/uploads\/2012\/07\/slash_potwierdzenie-200x300.png 200w, https:\/\/www.maltreting.pl\/wp-content\/uploads\/2012\/07\/slash_potwierdzenie.png 463w\" sizes=\"(max-width: 200px) 100vw, 200px\" \/><\/a><p id=\"caption-attachment-2986\" class=\"wp-caption-text\">Patologie procesu zakupowego w pigu\u0142ce - potwierdzenie zakupu nawet nie wspomina o Slashu, wspomina za to o ca\u0142kiem niema\u0142ej kwocie koszt\u00f3w wysy\u0142ki biletu.<\/p><\/div>\n<p style=\"text-align: justify;\">Aha &#8211; i w ci\u0105gu tych dwudziestu minut nie do\u015b\u0107, \u017ce musicie\u00a0 uwin\u0105\u0107 si\u0119 z podaniem niezb\u0119dnych danych i p\u0142atno\u015bci\u0105, to jeszcze trzeba po\u015bwiadczy\u0107 znajomo\u015b\u0107 dw\u00f3ch regulamin\u00f3w, kt\u00f3rych autorom najwyra\u017aniej p\u0142acili od wiersza, bo pope\u0142nili dzie\u0142a obj\u0119to\u015bci ma\u0142ej encyklopedii.<\/p>\n<p style=\"text-align: justify;\">Oraz &#8211; je\u015bli zdecydowaliby\u015bcie si\u0119 na kompletnie nieprzydatne ubezpieczenie &#8211; tak\u017ce trzeciego regulaminu. Kt\u00f3rego autorom oczywi\u015bcie r\u00f3wnie\u017c p\u0142acili od wiersza, ale tym razem podw\u00f3jnie.<\/p>\n<p style=\"text-align: justify;\">A zegar tyka&#8230;<\/p>\n<p style=\"text-align: justify;\">Na szcz\u0119\u015bcie kurier si\u0119 nie oci\u0105ga\u0142 i dotar\u0142 ju\u017c we wtorek, 8 dni przed koncertem. Dzi\u0119ki temu, a\u017c do dnia wyjazdu nie musia\u0142em nic robi\u0107.<\/p>\n<p style=\"text-align: justify;\">\u00a0<\/p>\n<p style=\"text-align: justify;\"><strong>Film drogi (bez filmu, ale z drogi)<\/strong><\/p>\n<p style=\"text-align: justify;\">Dzie\u0144 wyjazdu, dzie\u0144 ostatnich przygotowa\u0144. I pierwszych zreszt\u0105 te\u017c,\u00a0 bo \u017ceby z Poznania dot\u0142uc si\u0119 samochodem do Berlina nie trzeba d\u0142ugich tygodni planowania i gromadzenia zapas\u00f3w. Aby oszcz\u0119dzi\u0107 sobie b\u0142\u0105dzenia, \u015bci\u0105gam z sieci map\u0119 Niemiec do telefonu (Nokia e52 + darmowa nawigacja Nokia Maps). Na wszelki wypadek \u015bci\u0105gam jeszcze map\u0119 Berlina i Branderburgii.<\/p>\n<p style=\"text-align: justify;\">Dla pewno\u015bci sprawdzam, czy Max Schmeling Halle da si\u0119 znale\u017a\u0107 w Nokia Maps. Da si\u0119. GPS w telefonie jest gotowy do jazdy.<\/p>\n<p style=\"text-align: justify;\">A przynajmniej tak mi si\u0119 tylko wtedy wydawa\u0142o.<\/p>\n<p style=\"text-align: justify;\">Wychodz\u0105c prawie zapominam o bilecie. Na szcz\u0119\u015bcie prawie robi wielk\u0105 r\u00f3\u017cnic\u0119 i bilet l\u0105duje w plecaku, obok litra napoj\u00f3w izotonicznych, p\u00f3\u0142 litra energetyk\u00f3w, ki\u015bci banan\u00f3w i jakiego\u015b batona. Od\u017cywiam si\u0119 zdrowo, co? Jeszcze tylko wizyta w kantorze (mam nadziej\u0119 zje\u015b\u0107 co\u015b po drodze &#8211; banany i batony to rezerwa) i mo\u017cna jecha\u0107.<\/p>\n<p style=\"text-align: justify;\">Ostatnie sprawdzenie: bilet &#8211; jest; kilka p\u0142yt Slasha, Velvet Revolver i GN&#8217;R na drog\u0119 &#8211; jest; pe\u0142ny bak benzyny &#8211; jest; d\u0142ugie kud\u0142y &#8211; s\u0105.<\/p>\n<p style=\"text-align: justify;\">Jestem gotowy.<\/p>\n<p style=\"text-align: justify;\">Ustawiam w GPS &#8222;Max Schmeling Halle&#8221; jako cel podr\u00f3\u017cy, wrzucam p\u0142yt\u0119 do odtwarzacza i&#8230; rura, chcia\u0142oby si\u0119 powiedzie\u0107. Gaz do dechy.<\/p>\n<p style=\"text-align: justify;\">Nic z tego. Przez Pozna\u0144 w stron\u0119 autostrady zd\u0105\u017ca od cholery samochod\u00f3w, wi\u0119c ka\u017cde skrzy\u017cowanie ze \u015bwiat\u0142ami przeje\u017cd\u017cam z kilkoma przystankami. Oczywi\u015bcie, to nie Slash cieszy si\u0119 takim wzi\u0119ciem, tylko mecz Polska-Rosja w Warszawie.<\/p>\n<p style=\"text-align: justify;\">Ju\u017c na pierwszych \u015bwiat\u0142ach orientuj\u0119 si\u0119, \u017ce GPS nigdzie mnie nie prowadzi. Po raz kolejny wskazuj\u0119 &#8222;Max Schmeling Halle&#8221; jako cel podr\u00f3\u017cy i upewniam si\u0119, \u017ce telefon zaczyna oblicza\u0107 tras\u0119. Obliczanie trwa wyj\u0105tkowo d\u0142ugo i&#8230; nie przynosi rezultatu.<\/p>\n<p style=\"text-align: justify;\">Po kolejnej pr\u00f3bie udaje mi si\u0119 zauwa\u017cy\u0107 wy\u015bwietlony na chwil\u0119 komunikat: &#8222;Trasy nie znaleziono&#8221;. Co jest? Hala jest w jakim\u015b parku, wi\u0119c teoretycznie nie ma do niej dojazdu, mo\u017ce dlatego aplikacja nie znajduje trasy? Wyszukuj\u0119 po adresie. To samo &#8211; &#8222;Trasy nie znaleziono&#8221;. Kombinuj\u0119 dalej &#8211; wskazuj\u0119 punkt na mapie niedaleko parku z hal\u0105. I zn\u00f3w to samo.<\/p>\n<p style=\"text-align: justify;\">Wreszcie w desperacji jako punkt docelowy wpisuj\u0119 po prostu &#8222;Berlin&#8221;.<\/p>\n<p style=\"text-align: justify;\">&#8222;Trasy nie znaleziono&#8221;.<\/p>\n<p style=\"text-align: justify;\">Kiedy\u015b pisa\u0142em, \u017ce Nokia Maps to aplikacja warta swojej ceny &#8211; a jak ju\u017c zauwa\u017cy\u0142em, jest to aplikacja darmowa. Ale powoli zmieniam zdanie. Nie jest warta. Za rzekomo darmow\u0105 nawigacj\u0119 dostaniesz rachunek, i to szybciej ni\u017c si\u0119 spodziewasz. Wystawi\u0105 go mechanicy samochodowi, producenci cz\u0119\u015bci zamiennych i koncerny paliwowe &#8211; bo Nokia Maps celuje w wytyczaniu tras wertepami, na kt\u00f3rych zgubisz zawieszenie, tudzie\u017c tak egzotycznie d\u0142ugimi objazdami jak tylko si\u0119 da.<\/p>\n<p style=\"text-align: justify;\">Na przyk\u0142ad niedawno na Kaszubach, jad\u0105c prost\u0105 jak w mord\u0119 strzeli\u0142 drog\u0105 wojew\u00f3dzk\u0105 (tak\u0105 z trzycyfrowym numerem), Nokia Maps zasugerowa\u0142a mi, \u017cebym w jakiej\u015b wiosce skr\u0119ci\u0142 mi\u0119dzy cha\u0142upy i jecha\u0142 brukowan\u0105 drog\u0105 (tak\u0105 nawet bez nazwy) wzd\u0142u\u017c owej drogi wojew\u00f3dzkiej, po czym wr\u00f3ci\u0142 na ni\u0105 po kilkuset metrach. Nie skorzysta\u0142em z sugestii.<\/p>\n<p style=\"text-align: justify;\">Troch\u0119 mnie to wszystko poirytowa\u0142o. Jako\u015b nie u\u015bmiecha\u0142a mi si\u0119 jazda przez Berlin bez nawigacji i bez mapy. Na szcz\u0119\u015bcie Nokia Maps pokazywa\u0142a zar\u00f3wno moj\u0105 pozycj\u0119, jak i pozycj\u0119 celu podr\u00f3\u017cy, mimo \u017ce z jakiego\u015b dziwnego powodu nie potrafi\u0142a wytyczy\u0107 trasy mi\u0119dzy nimi.<\/p>\n<p style=\"text-align: justify;\">Podejrzewa\u0142em, \u017ce by\u0107 mo\u017ce zainstalowana w telefonie mapa Polski z jakiego\u015b dziwnego powodu nie \u0142\u0105czy si\u0119 z map\u0105 Niemiec. Pomy\u015bla\u0142em wi\u0119c, \u017ce spr\u00f3buj\u0119 jeszcze raz wytyczy\u0107 tras\u0119 po przekroczeniu granicy.<\/p>\n<p style=\"text-align: justify;\">Pomys\u0142 by\u0142 dobry. Rezultat?<\/p>\n<p style=\"text-align: justify;\">&#8222;Trasy nie znaleziono&#8221;<\/p>\n<p style=\"text-align: justify;\">Na szcz\u0119\u015bcie te\u017c, na kilka minut przed planowanym zjazdem z autostrady pod Berlinem, Nokia znalaz\u0142a wreszcie drog\u0119. Jak si\u0119 okaza\u0142o &#8211; zamieszka\u0142\u0105 przez etniczne mniejszo\u015bci i obfituj\u0105c\u0105 w malownicze, w\u0105skie i zakorkowane uliczki, ale jednak &#8211; drog\u0119.<\/p>\n<p style=\"text-align: justify;\">Na p\u00f3\u0142 godziny przed planowanym pocz\u0105tkiem koncertu by\u0142em na miejscu.<\/p>\n<p style=\"text-align: justify;\">Czytaj dalej: <a href=\"https:\/\/www.maltreting.pl\/index.php\/2012\/07\/slash-ludzie-czesc-ii-slash\/\">maltreting si\u0119 ko\u0144czy, czas na koncert<\/a>!<script src=\"http:\/\/home.hit.stat24.com\/_1343641144101\/script.js?id=p31LcD8vULltyfdfyfQZyYaSrmFpcsLuZBn2uRPL_Dr._7\" type=\"text\/javascript\"><\/script><script src=\"http:\/\/home.hit.stat24.com\/cachedscriptxy.js\" type=\"text\/javascript\"><\/script>\u00a0<\/p>\n\n<!-- Facebook Like Button v1.9.6 BEGIN [http:\/\/blog.bottomlessinc.com] -->\n<iframe src=\"http:\/\/www.facebook.com\/plugins\/like.php?href=https%3A%2F%2Fwww.maltreting.pl%2Findex.php%2F2012%2F07%2Fslash-ludzie-czesc-i-maltreting%2F&amp;layout=button_count&amp;show_faces=false&amp;width=450&amp;action=like&amp;colorscheme=light\" scrolling=\"no\" frameborder=\"0\" allowTransparency=\"true\" style=\"border:none; overflow:hidden; width:450px; height: 30px; align: left; margin: 12px 0px 6px 0px\"><\/iframe>\n<!-- Facebook Like Button END -->\n","protected":false},"excerpt":{"rendered":"<p>Tych, kt\u00f3rzy szukaj\u0105 wra\u017ce\u0144 z pogranicza marketingu i rozboju w bia\u0142y dzie\u0144, informuj\u0119 &#8211; takowe jak najbardziej si\u0119 pojawi\u0105.<br \/>\nTych, kt\u00f3rzy na s\u0142owo &#8222;Slash&#8221; reaguj\u0105 &#8211; podobnie jak ja &#8211; natychmiastowym zapomnieniem o problemach \u017cycia doczesnego, uspakajam &#8211; na relacj\u0119 czysto artystyczn\u0105 tak\u017ce znajdzie si\u0119 miejsce.<\/p>\n<p> <a class=\"continue-reading-link\" href=\"https:\/\/www.maltreting.pl\/index.php\/2012\/07\/slash-ludzie-czesc-i-maltreting\/\"><span>Czytaj dalej<\/span><i class=\"crycon-right-dir\"><\/i><\/a> <\/p>\n","protected":false},"author":3,"featured_media":0,"comment_status":"open","ping_status":"open","sticky":false,"template":"","format":"standard","meta":{"sfsi_plus_gutenberg_text_before_share":"","sfsi_plus_gutenberg_show_text_before_share":"","sfsi_plus_gutenberg_icon_type":"","sfsi_plus_gutenberg_icon_alignemt":"","sfsi_plus_gutenburg_max_per_row":""},"categories":[1],"tags":[450,386,451],"_links":{"self":[{"href":"https:\/\/www.maltreting.pl\/index.php\/wp-json\/wp\/v2\/posts\/2980"}],"collection":[{"href":"https:\/\/www.maltreting.pl\/index.php\/wp-json\/wp\/v2\/posts"}],"about":[{"href":"https:\/\/www.maltreting.pl\/index.php\/wp-json\/wp\/v2\/types\/post"}],"author":[{"embeddable":true,"href":"https:\/\/www.maltreting.pl\/index.php\/wp-json\/wp\/v2\/users\/3"}],"replies":[{"embeddable":true,"href":"https:\/\/www.maltreting.pl\/index.php\/wp-json\/wp\/v2\/comments?post=2980"}],"version-history":[{"count":6,"href":"https:\/\/www.maltreting.pl\/index.php\/wp-json\/wp\/v2\/posts\/2980\/revisions"}],"predecessor-version":[{"id":3003,"href":"https:\/\/www.maltreting.pl\/index.php\/wp-json\/wp\/v2\/posts\/2980\/revisions\/3003"}],"wp:attachment":[{"href":"https:\/\/www.maltreting.pl\/index.php\/wp-json\/wp\/v2\/media?parent=2980"}],"wp:term":[{"taxonomy":"category","embeddable":true,"href":"https:\/\/www.maltreting.pl\/index.php\/wp-json\/wp\/v2\/categories?post=2980"},{"taxonomy":"post_tag","embeddable":true,"href":"https:\/\/www.maltreting.pl\/index.php\/wp-json\/wp\/v2\/tags?post=2980"}],"curies":[{"name":"wp","href":"https:\/\/api.w.org\/{rel}","templated":true}]}}