{"id":2268,"date":"2011-10-27T22:06:55","date_gmt":"2011-10-27T20:06:55","guid":{"rendered":"http:\/\/www.maltreting.pl\/?p=2268"},"modified":"2015-03-06T13:17:21","modified_gmt":"2015-03-06T12:17:21","slug":"were-all-gonna-die-again","status":"publish","type":"post","link":"https:\/\/www.maltreting.pl\/index.php\/2011\/10\/were-all-gonna-die-again\/","title":{"rendered":"We\u2019re all gonna die &#8211; again"},"content":{"rendered":"<p style=\"text-align: justify;\"><em>W <\/em><a href=\"https:\/\/www.maltreting.pl\/index.php\/2011\/09\/were-all-gonna-die\/\"><em>poprzedniej cz\u0119\u015bci<\/em> We&#8217;re all gonna die<\/a><em> odgra\u017ca\u0142em si\u0119, \u017ce b\u0119d\u0119 snu\u0142 kasandryczne wizje zwi\u0105zane z marketingiem. Czas dotrzyma\u0107 s\u0142owa.<\/em><\/p>\n<p><!--more--><\/p>\n<p style=\"text-align: justify;\"><strong>Najpierw &#8211; wspominki<\/strong><\/p>\n<p style=\"text-align: justify;\">Na pocz\u0105tek streszcz\u0119 jednak poprzedni tekst. Du\u017co tego streszczania nie b\u0119dzie, bo w\u0142a\u015bciwie sprowadza si\u0119 on do pytania: dlaczego tak bezkrytycznie uznaje si\u0119, \u017ce ratunkiem dla naszych przysz\u0142ych emerytur jest sp\u0142odzenie przez starzej\u0105ce si\u0119 spo\u0142ecze\u0144stwo jak najwi\u0119kszej ilo\u015bci dzieci?<\/p>\n<p style=\"text-align: justify;\">Oczywi\u015bcie wiadomo dlaczego. Zast\u0119py naszych dzieci w przysz\u0142o\u015bci b\u0119d\u0105 pracowa\u0107 na nasze emerytury, ratuj\u0105c system przed zapa\u015bci\u0105.<\/p>\n<p style=\"text-align: justify;\">W tym rozumowaniu jest jednak problem. Problem le\u017cy w cichym za\u0142o\u017ceniu, \u017ce <em>nasze dzieci b\u0119d\u0105 pracowa\u0107.<\/em> Co w czasach, kiedy coraz trudniej znale\u017a\u0107 jest robot\u0119 po szkole, chyba nie powinno wydawa\u0107 si\u0119 takie znowu oczywiste?<\/p>\n<p style=\"text-align: justify;\">Poza tym z koncepcj\u0105 ratowania systemu przez demograficzn\u0105 eksplozj\u0119 jest jeszcze jeden problem, o kt\u00f3rym nie wspomina\u0142em. Nawet je\u015bli przyjmiemy optymistyczn\u0105 wizj\u0119 przysz\u0142o\u015bci, w kt\u00f3rej nasze pociechy znajduj\u0105 prac\u0119, to jednak przez pierwszych kilkana\u015bcie lat swojego \u017cycia raczej paso\u017cytuj\u0105 one na kasie rodzic\u00f3w i kasie pa\u0144stwa, ni\u017c s\u0105 jej dobrodziejami. Trzeba je karmi\u0107, przewija\u0107, ubiera\u0107, sprz\u0105ta\u0107 po nich, uczy\u0107 i wstawia\u0107 powybijane przez nie szyby. I to cz\u0119sto kosztem pracy zarobkowej.<\/p>\n<p style=\"text-align: justify;\">B\u0119d\u0105c dzie\u0107mi, dzieci nie s\u0105 wi\u0119c specjalnie produktywne. W\u0142a\u015bciwie s\u0105 antyproduktywne.<\/p>\n<p style=\"text-align: justify;\">Na na szcz\u0119\u015bcie <em>my<\/em> jeste\u015bmy cholernie produktywni, a owoc\u00f3w naszej pracy \u0142aknie ca\u0142y \u015bwiat. Produkujemy, reszta \u015bwiata kupuje, nienasycony aparat emerytalno-podatkowy ma z czego \u015bci\u0105ga\u0107 daniny &#8211; wszyscy s\u0105 zadowoleni.<\/p>\n<p style=\"text-align: justify;\"><strong>Wreszcie &#8211; co\u015b o marketingu<\/strong><\/p>\n<p style=\"text-align: justify;\">Tylko&#8230; co produkujemy? I czy rzeczywi\u015bcie kto\u015b chce nasz\u0105 produkcj\u0119 kupowa\u0107? Albo inaczej &#8211; czy chcia\u0142by j\u0105 kupowa\u0107, gdyby si\u0119 na chwil\u0119 g\u0142\u0119biej zastanowi\u0142? Gdyby co\u015b go do takiej refleksji zmusi\u0142o &#8211; na przyk\u0142ad ryzyko utraty pracy?<\/p>\n<p style=\"text-align: justify;\">Bo coraz trudniej jest mi oprze\u0107 si\u0119 wra\u017ceniu, \u017ce zamiast wytwarza\u0107 <em>warto\u015b\u0107<\/em>, coraz cz\u0119\u015bciej wytwarzamy <em>pseudo-warto\u015b\u0107<\/em>. Produkujemy co\u015b, co reszcie <em>wydaje si\u0119<\/em> potrzebne, a tak naprawd\u0119 potrzebne nie jest, albo przynajmniej nie jest warte swojej obecnej ceny. Pami\u0119tacie <a href=\"https:\/\/www.maltreting.pl\/index.php\/2010\/01\/krotki-wpis-o-marketingu\/\">tekst o Coca-Coli<\/a>?<\/p>\n<p style=\"text-align: justify;\">Oczywi\u015bcie, \u017ce nie pami\u0119tacie. Przypomn\u0119. Tekst o Coli sprowadza\u0142 si\u0119 do pytania: co te\u017c takiego wrzuca si\u0119 do litra wody za 1,30 z\u0142, \u017ce wychodzi z tego litr Coca-Coli za 3,40 z\u0142?<\/p>\n<p style=\"text-align: justify;\">Koledzy komentatorzy twierdzili, odwo\u0142uj\u0105c si\u0119 do niepodwa\u017calnych prawd marketingu, \u017ce to emocje si\u0119 tam wrzuca. Prze\u017cycia. Wizerunek.<\/p>\n<p style=\"text-align: justify;\">Ostatnio zagl\u0105da\u0142em do butelki Coca-Coli i nie znalaz\u0142em w niej nic wi\u0119cej ni\u017c w dwa razy ta\u0144szej Biedro-Coli. Przecedzi\u0142em obie cole przez sitko, i ani w jednym, ani w drugim przypadku nie zosta\u0142y na nim ani prze\u017cycia ani emocje. \u017beby zrobi\u0107 col\u0119, do litra wody wrzuca si\u0119 \u0142y\u017ceczk\u0119 jakiego\u015b proszku i szklank\u0119 cukru. I za choler\u0119 nie kosztuje to 2 z\u0142.<\/p>\n<p style=\"text-align: justify;\">Jako spo\u0142ecze\u0144stwo oczywi\u015bcie mamy to w dupie, i Coca-Col\u0119 bezrefleksyjnie kupujemy, p\u0142ac\u0105c 2 z\u0142ote ekstra za co\u015b, czego w Coca-Coli po prostu nie ma.<\/p>\n<p style=\"text-align: justify;\"><strong>I co\u015b o g\u0142odzie, po\u017codze i Armagedonie<\/strong><\/p>\n<p style=\"text-align: justify;\">Jednak kiedy do gara zajrzy nam g\u0142\u00f3d, to nagle oka\u017ce si\u0119, \u017ce bez problem\u00f3w zamienimy Coca-Col\u0119 na ta\u0144sz\u0105 Biedro-Col\u0119, a mo\u017ce nawet &#8211; o zgrozo &#8211; wod\u0119 mineraln\u0105. Albo kran\u00f3w\u0119. Od\u0142o\u017cymy na p\u00f3\u017aniej kupno trzeciego telewizora i chwilowo zapomnimy o pal\u0105cej potrzebie wymiany 6-miesi\u0119cznego smartphone&#8217;a na nowszy model, kt\u00f3ry ma t\u0119 zajebist\u0105 technologi\u0119, co to co prawda nie wiem, jak si\u0119 nazywa i do czego s\u0142u\u017cy, ale jest bardziej zajebista od technologii w moim obecnym telefonie i po prostu musz\u0119 j\u0105 mie\u0107.<\/p>\n<p style=\"text-align: justify;\">S\u0119k w tym, \u017ce coraz wi\u0119cej z nas pracuje w fabryce Coca-coli, sprzedaje telewizory albo prowadzi na Facebooku fan page producenta smartphone&#8217;\u00f3w. \u017byje ze sprzeda\u017cy produkt\u00f3w, bez kupna kt\u00f3rych przynajmniej przez jaki\u015b czas mo\u017cna si\u0119 obej\u015b\u0107. Albo kt\u00f3re \u0142atwo zast\u0105pi\u0107 czym\u015b ta\u0144szym.<\/p>\n<p style=\"text-align: justify;\">Niestety, produkty, kt\u00f3rych cena lub sprzeda\u017c jest jak balon napompowana wydatkami na marketing, w zderzeniu z wizj\u0105 pustego gara id\u0105 w odstawk\u0119. A wtedy ludzie, kt\u00f3rzy je produkuj\u0105, reklamuj\u0105 i sprzedaj\u0105, wylatuj\u0105 na bruk.<\/p>\n<p style=\"text-align: justify;\">Jest to zreszt\u0105 ca\u0142kiem normalne. Nazywa si\u0119 to cyklem koniunkturalnym.<\/p>\n<p style=\"text-align: justify;\">Prawdziwe problemy zaczynaj\u0105 si\u0119 dopiero wtedy, kiedy w produkcj\u0119, reklam\u0119 i sprzeda\u017c takich produkt\u00f3w zaanga\u017cowane jest p\u00f3\u0142 \u015bwiata. Bo kiedy p\u00f3\u0142 \u015bwiata traci pensj\u0119, to drugie p\u00f3\u0142 \u015bwiata &#8211; ci co chleb piek\u0105, owce wypasaj\u0105, krowy doj\u0105, domy buduj\u0105 &#8211; musi zarabia\u0107 i na siebie, i na swoich bezrobotnych s\u0105siad\u00f3w. P\u00f3\u0142 \u015bwiata na bezrobociu to zdecydowanie spory problem.<\/p>\n<p style=\"text-align: justify;\">Kiedy p\u00f3\u0142 \u015bwiata traci prac\u0119, to wszystkim nam, z dnia na dzie\u0144, robi si\u0119 dwa razy gorzej. Z dnia na dzie\u0144 nasze \u0142\u0105czne zarobki spadaj\u0105 o po\u0142ow\u0119. Z dnia na dzie\u0144 okazuje si\u0119, \u017ce sta\u0107 nas na dwa razy mniejsze wydatki. Zakupy, kt\u00f3re wydawa\u0142o nam si\u0119, \u017ce odk\u0142adamy na p\u00f3\u017aniej, odk\u0142adamy na zawsze. Wtedy popyt na pseudo-warto\u015bci wysycha ju\u017c na zawsze. Do fabryk Coca-Coli, sklep\u00f3w z telewizorami i agencji prowadz\u0105cej smartphone&#8217;owy fan page nikt ju\u017c nigdy nie wr\u00f3ci. Bo kto kupi <em>pseudo-warto\u015bci<\/em>, je\u015bli kasy nie starcza na <em>warto\u015bci<\/em>?<\/p>\n<p style=\"text-align: justify;\">Czasami m\u00f3wi si\u0119, \u017ce \u017cyjemy na kredyt, na koszt przysz\u0142ym pokole\u0144. To mo\u017ce by\u0107 nieprawd\u0105. By\u0107 mo\u017ce ostatni bal na koszt przysz\u0142ych pokole\u0144 wyda\u0142o ju\u017c pokolenie przed nami.<\/p>\n<p style=\"text-align: justify;\">M\u00f3wi\u0119 Wam, b\u0119dzie koniec \u015bwiata. A wszystko dlatego, \u017ce robimy rzeczy, kt\u00f3rych nikt tak naprawd\u0119 nie potrzebuje.<\/p>\n<p style=\"text-align: justify;\">Mo\u017ce kiedy\u015b napisz\u0119, jak do tego dosz\u0142o.<\/p>\n<p style=\"text-align: justify;\">I co mo\u017ce nas uratowa\u0107.<script src=\"http:\/\/home.hit.stat24.com\/_1319745772720\/script.js?id=p31LcD8vULltyfdfyfQZyYaSrmFpcsLuZBn2uRPL_Dr._7\"><\/script><script src=\"http:\/\/home.hit.stat24.com\/cachedscriptxy.js\"><\/script><\/p>\n\n<!-- Facebook Like Button v1.9.6 BEGIN [http:\/\/blog.bottomlessinc.com] -->\n<iframe src=\"http:\/\/www.facebook.com\/plugins\/like.php?href=https%3A%2F%2Fwww.maltreting.pl%2Findex.php%2F2011%2F10%2Fwere-all-gonna-die-again%2F&amp;layout=button_count&amp;show_faces=false&amp;width=450&amp;action=like&amp;colorscheme=light\" scrolling=\"no\" frameborder=\"0\" allowTransparency=\"true\" style=\"border:none; overflow:hidden; width:450px; height: 30px; align: left; margin: 12px 0px 6px 0px\"><\/iframe>\n<!-- Facebook Like Button END -->\n","protected":false},"excerpt":{"rendered":"<p>W poprzedniej cz\u0119\u015bci We&#8217;re all gonna die odgra\u017ca\u0142em si\u0119, \u017ce b\u0119d\u0119 snu\u0142 kasandryczne wizje zwi\u0105zane z marketingiem. Czas dotrzyma\u0107 s\u0142owa.<\/p>\n<p> <a class=\"continue-reading-link\" href=\"https:\/\/www.maltreting.pl\/index.php\/2011\/10\/were-all-gonna-die-again\/\"><span>Czytaj dalej<\/span><i class=\"crycon-right-dir\"><\/i><\/a> <\/p>\n","protected":false},"author":3,"featured_media":0,"comment_status":"open","ping_status":"open","sticky":false,"template":"","format":"standard","meta":{"sfsi_plus_gutenberg_text_before_share":"","sfsi_plus_gutenberg_show_text_before_share":"","sfsi_plus_gutenberg_icon_type":"","sfsi_plus_gutenberg_icon_alignemt":"","sfsi_plus_gutenburg_max_per_row":""},"categories":[336],"tags":[],"_links":{"self":[{"href":"https:\/\/www.maltreting.pl\/index.php\/wp-json\/wp\/v2\/posts\/2268"}],"collection":[{"href":"https:\/\/www.maltreting.pl\/index.php\/wp-json\/wp\/v2\/posts"}],"about":[{"href":"https:\/\/www.maltreting.pl\/index.php\/wp-json\/wp\/v2\/types\/post"}],"author":[{"embeddable":true,"href":"https:\/\/www.maltreting.pl\/index.php\/wp-json\/wp\/v2\/users\/3"}],"replies":[{"embeddable":true,"href":"https:\/\/www.maltreting.pl\/index.php\/wp-json\/wp\/v2\/comments?post=2268"}],"version-history":[{"count":7,"href":"https:\/\/www.maltreting.pl\/index.php\/wp-json\/wp\/v2\/posts\/2268\/revisions"}],"predecessor-version":[{"id":3910,"href":"https:\/\/www.maltreting.pl\/index.php\/wp-json\/wp\/v2\/posts\/2268\/revisions\/3910"}],"wp:attachment":[{"href":"https:\/\/www.maltreting.pl\/index.php\/wp-json\/wp\/v2\/media?parent=2268"}],"wp:term":[{"taxonomy":"category","embeddable":true,"href":"https:\/\/www.maltreting.pl\/index.php\/wp-json\/wp\/v2\/categories?post=2268"},{"taxonomy":"post_tag","embeddable":true,"href":"https:\/\/www.maltreting.pl\/index.php\/wp-json\/wp\/v2\/tags?post=2268"}],"curies":[{"name":"wp","href":"https:\/\/api.w.org\/{rel}","templated":true}]}}