{"id":2099,"date":"2011-09-04T23:24:08","date_gmt":"2011-09-04T21:24:08","guid":{"rendered":"http:\/\/www.maltreting.pl\/?p=2099"},"modified":"2011-09-04T23:31:51","modified_gmt":"2011-09-04T21:31:51","slug":"rownosc-rownoscia-ale","status":"publish","type":"post","link":"https:\/\/www.maltreting.pl\/index.php\/2011\/09\/rownosc-rownoscia-ale\/","title":{"rendered":"R\u00f3wno\u015b\u0107 r\u00f3wno\u015bci\u0105, ale&#8230;"},"content":{"rendered":"<p style=\"text-align: justify;\"><em><img decoding=\"async\" loading=\"lazy\" class=\"alignleft size-full wp-image-2100\" title=\"fotodepilacja_tn\" src=\"https:\/\/www.maltreting.pl\/wp-content\/uploads\/2011\/09\/fotodepilacja_tn.jpg\" alt=\"fotodepilacja_tn\" width=\"150\" height=\"100\" \/>Je\u015bli kto\u015b z Was my\u015bla\u0142 o depilacji, to w\u0142a\u015bnie nadarza si\u0119 niebywa\u0142a okazja. Niewa\u017cne, czy macie par\u0119 chromosom\u00f3w X czy &#8211; chyba rzadziej widywany w salonach depilacji &#8211; zestaw XY. Niewa\u017cne jak\u0105 cz\u0119\u015b\u0107 cia\u0142a chcecie wydepilowa\u0107. I niewa\u017cne jak bardzo jest ona kud\u0142ata.<\/em><\/p>\n<p style=\"text-align: justify;\"><em>Niewa\u017cne i tyle. Przychodzicie, wr\u0119czacie st\u00f3wk\u0119 i jeszcze dostaniecie reszt\u0119. Symboliczn\u0105, ale zawsze.<\/em><\/p>\n<p style=\"text-align: justify;\"><em>Ale spieszcie si\u0119 &#8211; nic co dobre nie trwa wiecznie.<\/em><\/p>\n<p><!--more--><\/p>\n<p style=\"text-align: justify;\">Marka <strong>No+vello<\/strong>, specjalizuj\u0105ca si\u0119&#8230; no w\u0142a\u015bnie, w czym? W <a href=\"http:\/\/www.nomasvello.pl\/pl\/2,2-cennik\/\" target=\"_blank\">cenniku<\/a> mowa jest o zabiegach fotodepilacji i fotoodm\u0142adzania, co szczerze m\u00f3wi\u0105c pachnie mi raczej Photoshopem i grafik\u0105 komputerow\u0105 ni\u017c gabinetem kosmetycznym. (Swoj\u0105 drog\u0105, w czasach, gdy profilowa fotka na Facebooku jest wa\u017cniejsza ni\u017c cokolwiek innego, na takie us\u0142ugi te\u017c znale\u017aliby si\u0119 ch\u0119tni).\u00a0 Przyjmijmy jednak, \u017ce fotodepilacja ma &#8211; co do efekt\u00f3w &#8211; wi\u0119cej wsp\u00f3lnego z p\u0119set\u0105 ni\u017c Photoshopem.<\/p>\n<p style=\"text-align: justify;\">Zatem, marka No+vello chwali si\u0119 ponad tysi\u0105cem salon\u00f3w na ca\u0142ym \u015bwiecie, jednak s\u0105dz\u0105c po niefrasobliwym podej\u015bciu do ustalania ceny, musz\u0105 to by\u0107 raczej debiutanci na rynku, ni\u017c starzy wyjadacze.<\/p>\n<div id=\"attachment_2101\" style=\"width: 490px\" class=\"wp-caption aligncenter\"><a href=\"https:\/\/www.maltreting.pl\/wp-content\/uploads\/2011\/09\/fotodepilacja.jpg\"><img aria-describedby=\"caption-attachment-2101\" decoding=\"async\" loading=\"lazy\" class=\"size-full wp-image-2101\" title=\"fotodepilacja\" src=\"https:\/\/www.maltreting.pl\/wp-content\/uploads\/2011\/09\/fotodepilacja.jpg\" alt=\"fotodepilacja\" width=\"480\" height=\"204\" srcset=\"https:\/\/www.maltreting.pl\/wp-content\/uploads\/2011\/09\/fotodepilacja.jpg 800w, https:\/\/www.maltreting.pl\/wp-content\/uploads\/2011\/09\/fotodepilacja-300x127.jpg 300w\" sizes=\"(max-width: 480px) 100vw, 480px\" \/><\/a><p id=\"caption-attachment-2101\" class=\"wp-caption-text\">Grafik, kt\u00f3ry przygotowa\u0142 p\u0142acht\u0119 reklamow\u0105 na ulic\u0119, nieco bardziej zachowawczo oszacowa\u0142 liczb\u0119 salon\u00f3w ni\u017c webmaster serwisu internetowego No+vello<\/p><\/div>\n<p style=\"text-align: justify;\">99 z\u0142otych za ka\u017cd\u0105 cz\u0119\u015b\u0107 cia\u0142a, niezale\u017cnie od p\u0142ci? Naprawd\u0119?<\/p>\n<p style=\"text-align: justify;\">No to poczekajmy, a\u017c w salonach pojawi si\u0119 kilku takich jak ja: ob\u017cartych kapust\u0105, bobem i fasol\u0105, opitych piwem oble\u015bnych samc\u00f3w, wypuszczaj\u0105cych lotne\u00a0(?)\u00a0produkty przemiany materii to g\u00f3r\u0105, to&#8230; do\u0142em.<\/p>\n<p style=\"text-align: justify;\">I za\u017c\u0105da depilacji ty\u0142ka.<\/p>\n<p style=\"text-align: justify;\">Zobaczycie &#8211; cennik momentalnie zmieni si\u0119 na taki, kt\u00f3ry b\u0119dzie odzwierciedla\u0142 poziom ryzyka zawodowego pracownik\u00f3w przeprowadzaj\u0105cych zabiegi.<\/p>\n<p>\u00a0<\/p>\n<p>PS. O Photoshopie jako metodzie przywracania (sobie) \u015bwietno\u015bci <a href=\"https:\/\/www.maltreting.pl\/index.php\/2011\/01\/ciekawy-przypadek-krzysztofa-i\/\">ju\u017c pisa\u0142em<\/a>, przy okazji literackiego debiutu Krzysztofa Ibisza.<\/p>\n\n<!-- Facebook Like Button v1.9.6 BEGIN [http:\/\/blog.bottomlessinc.com] -->\n<iframe src=\"http:\/\/www.facebook.com\/plugins\/like.php?href=https%3A%2F%2Fwww.maltreting.pl%2Findex.php%2F2011%2F09%2Frownosc-rownoscia-ale%2F&amp;layout=button_count&amp;show_faces=false&amp;width=450&amp;action=like&amp;colorscheme=light\" scrolling=\"no\" frameborder=\"0\" allowTransparency=\"true\" style=\"border:none; overflow:hidden; width:450px; height: 30px; align: left; margin: 12px 0px 6px 0px\"><\/iframe>\n<!-- Facebook Like Button END -->\n","protected":false},"excerpt":{"rendered":"<p>Je\u015bli kto\u015b z Was my\u015bla\u0142 o depilacji, to w\u0142a\u015bnie nadarza si\u0119 niebywa\u0142a okazja. Niewa\u017cne, czy macie par\u0119 chromosom\u00f3w X czy &#8211; chyba rzadziej widywany w salonach depilacji &#8211; zestaw XY. Niewa\u017cne jak\u0105 cz\u0119\u015b\u0107 cia\u0142a chcecie wydepilowa\u0107. I niewa\u017cne jak bardzo jest ona kud\u0142ata.<\/p>\n<p> <a class=\"continue-reading-link\" href=\"https:\/\/www.maltreting.pl\/index.php\/2011\/09\/rownosc-rownoscia-ale\/\"><span>Czytaj dalej<\/span><i class=\"crycon-right-dir\"><\/i><\/a> <\/p>\n","protected":false},"author":3,"featured_media":0,"comment_status":"open","ping_status":"open","sticky":false,"template":"","format":"standard","meta":{"sfsi_plus_gutenberg_text_before_share":"","sfsi_plus_gutenberg_show_text_before_share":"","sfsi_plus_gutenberg_icon_type":"","sfsi_plus_gutenberg_icon_alignemt":"","sfsi_plus_gutenburg_max_per_row":""},"categories":[1],"tags":[45,327,326],"_links":{"self":[{"href":"https:\/\/www.maltreting.pl\/index.php\/wp-json\/wp\/v2\/posts\/2099"}],"collection":[{"href":"https:\/\/www.maltreting.pl\/index.php\/wp-json\/wp\/v2\/posts"}],"about":[{"href":"https:\/\/www.maltreting.pl\/index.php\/wp-json\/wp\/v2\/types\/post"}],"author":[{"embeddable":true,"href":"https:\/\/www.maltreting.pl\/index.php\/wp-json\/wp\/v2\/users\/3"}],"replies":[{"embeddable":true,"href":"https:\/\/www.maltreting.pl\/index.php\/wp-json\/wp\/v2\/comments?post=2099"}],"version-history":[{"count":5,"href":"https:\/\/www.maltreting.pl\/index.php\/wp-json\/wp\/v2\/posts\/2099\/revisions"}],"predecessor-version":[{"id":2106,"href":"https:\/\/www.maltreting.pl\/index.php\/wp-json\/wp\/v2\/posts\/2099\/revisions\/2106"}],"wp:attachment":[{"href":"https:\/\/www.maltreting.pl\/index.php\/wp-json\/wp\/v2\/media?parent=2099"}],"wp:term":[{"taxonomy":"category","embeddable":true,"href":"https:\/\/www.maltreting.pl\/index.php\/wp-json\/wp\/v2\/categories?post=2099"},{"taxonomy":"post_tag","embeddable":true,"href":"https:\/\/www.maltreting.pl\/index.php\/wp-json\/wp\/v2\/tags?post=2099"}],"curies":[{"name":"wp","href":"https:\/\/api.w.org\/{rel}","templated":true}]}}