{"id":1928,"date":"2011-06-08T20:20:32","date_gmt":"2011-06-08T18:20:32","guid":{"rendered":"http:\/\/www.maltreting.pl\/?p=1928"},"modified":"2011-06-08T20:20:32","modified_gmt":"2011-06-08T18:20:32","slug":"czterej-pancerni-i-przedszkolak","status":"publish","type":"post","link":"https:\/\/www.maltreting.pl\/index.php\/2011\/06\/czterej-pancerni-i-przedszkolak\/","title":{"rendered":"Czterej pancerni i przedszkolak"},"content":{"rendered":"<p style=\"text-align: center;\">\n<div class=\"mceTemp mceIEcenter\" style=\"text-align: justify;\">Niestety, to wydarzenie Was min\u0119\u0142o. Mnie r\u00f3wnie\u017c.<\/div>\n<p style=\"text-align: justify;\">Chodzi o okoliczno\u015bciow\u0105 imprez\u0119 z okazji dnia dziecka, zorganizowan\u0105 przez&#8230; Muzeum Broni Pancernej.<\/p>\n<div id=\"attachment_1929\" style=\"width: 310px\" class=\"wp-caption aligncenter\"><a href=\"https:\/\/www.maltreting.pl\/wp-content\/uploads\/2011\/06\/dzien_dziecka.jpg\"><img aria-describedby=\"caption-attachment-1929\" decoding=\"async\" loading=\"lazy\" class=\"size-medium wp-image-1929 \" title=\"dzien_dziecka\" src=\"https:\/\/www.maltreting.pl\/wp-content\/uploads\/2011\/06\/dzien_dziecka-300x294.jpg\" alt=\"dzien_dziecka\" width=\"300\" height=\"294\" srcset=\"https:\/\/www.maltreting.pl\/wp-content\/uploads\/2011\/06\/dzien_dziecka-300x294.jpg 300w, https:\/\/www.maltreting.pl\/wp-content\/uploads\/2011\/06\/dzien_dziecka.jpg 625w\" sizes=\"(max-width: 300px) 100vw, 300px\" \/><\/a><p id=\"caption-attachment-1929\" class=\"wp-caption-text\">M\u00f3j ty ma\u0142y tankisto!<\/p><\/div>\n<p style=\"text-align: justify;\">Jako \u017ce muzeum maszyn s\u0142u\u017c\u0105cych ludzko\u015bci do wyrz\u0105dzania sobie krzywdy na przemys\u0142ow\u0105 skal\u0119 wydaje si\u0119 nietypowym miejscem na organizacj\u0119 dnia dziecka, ja chcia\u0142bym zg\u0142osi\u0107 nietypowy pomys\u0142 na jedn\u0105 z atrakcji takiej imprezy. Mo\u017ce przyda si\u0119 w przysz\u0142ym roku, szczeg\u00f3lnie je\u015bli data b\u0119dzie tak trafnie dobrana jak w tym: 4. czerwca.<\/p>\n<p style=\"text-align: justify;\">Pomys\u0142 jest taki: bierzemy gromadk\u0119 przedszkolak\u00f3w, kilka czo\u0142g\u00f3w, dzielimy przedszkolaki na dwie grupy &#8211; jedna b\u0119dzie chi\u0144skimi studentami, druga chi\u0144skimi w\u0142adzami. I niech si\u0119 bawi\u0105. W masakr\u0119 na placu Tiananmen.<script src=\"http:\/\/home.hit.stat24.com\/_1307556685574\/script.js?id=p31LcD8vULltyfdfyfQZyYaSrmFpcsLuZBn2uRPL_Dr._7\" type=\"text\/javascript\"><\/script><script src=\"http:\/\/home.hit.stat24.com\/cachedscriptxy.js\" type=\"text\/javascript\"><\/script><\/p>\n\n<!-- Facebook Like Button v1.9.6 BEGIN [http:\/\/blog.bottomlessinc.com] -->\n<iframe src=\"http:\/\/www.facebook.com\/plugins\/like.php?href=https%3A%2F%2Fwww.maltreting.pl%2Findex.php%2F2011%2F06%2Fczterej-pancerni-i-przedszkolak%2F&amp;layout=button_count&amp;show_faces=false&amp;width=450&amp;action=like&amp;colorscheme=light\" scrolling=\"no\" frameborder=\"0\" allowTransparency=\"true\" style=\"border:none; overflow:hidden; width:450px; height: 30px; align: left; margin: 12px 0px 6px 0px\"><\/iframe>\n<!-- Facebook Like Button END -->\n","protected":false},"excerpt":{"rendered":"<p>Niestety, to wydarzenie Was min\u0119\u0142o. Mnie r\u00f3wnie\u017c.<br \/>\nChodzi o okoliczno\u015bciow\u0105 imprez\u0119 z okazji dnia dziecka, zorganizowan\u0105 przez&#8230; Muzeum Broni Pancernej.<\/p>\n<p> <a class=\"continue-reading-link\" href=\"https:\/\/www.maltreting.pl\/index.php\/2011\/06\/czterej-pancerni-i-przedszkolak\/\"><span>Czytaj dalej<\/span><i class=\"crycon-right-dir\"><\/i><\/a> <\/p>\n","protected":false},"author":3,"featured_media":0,"comment_status":"open","ping_status":"open","sticky":false,"template":"","format":"standard","meta":{"sfsi_plus_gutenberg_text_before_share":"","sfsi_plus_gutenberg_show_text_before_share":"","sfsi_plus_gutenberg_icon_type":"","sfsi_plus_gutenberg_icon_alignemt":"","sfsi_plus_gutenburg_max_per_row":""},"categories":[29,118],"tags":[298,299],"_links":{"self":[{"href":"https:\/\/www.maltreting.pl\/index.php\/wp-json\/wp\/v2\/posts\/1928"}],"collection":[{"href":"https:\/\/www.maltreting.pl\/index.php\/wp-json\/wp\/v2\/posts"}],"about":[{"href":"https:\/\/www.maltreting.pl\/index.php\/wp-json\/wp\/v2\/types\/post"}],"author":[{"embeddable":true,"href":"https:\/\/www.maltreting.pl\/index.php\/wp-json\/wp\/v2\/users\/3"}],"replies":[{"embeddable":true,"href":"https:\/\/www.maltreting.pl\/index.php\/wp-json\/wp\/v2\/comments?post=1928"}],"version-history":[{"count":6,"href":"https:\/\/www.maltreting.pl\/index.php\/wp-json\/wp\/v2\/posts\/1928\/revisions"}],"predecessor-version":[{"id":1935,"href":"https:\/\/www.maltreting.pl\/index.php\/wp-json\/wp\/v2\/posts\/1928\/revisions\/1935"}],"wp:attachment":[{"href":"https:\/\/www.maltreting.pl\/index.php\/wp-json\/wp\/v2\/media?parent=1928"}],"wp:term":[{"taxonomy":"category","embeddable":true,"href":"https:\/\/www.maltreting.pl\/index.php\/wp-json\/wp\/v2\/categories?post=1928"},{"taxonomy":"post_tag","embeddable":true,"href":"https:\/\/www.maltreting.pl\/index.php\/wp-json\/wp\/v2\/tags?post=1928"}],"curies":[{"name":"wp","href":"https:\/\/api.w.org\/{rel}","templated":true}]}}