{"id":1302,"date":"2010-08-23T22:21:00","date_gmt":"2010-08-23T21:21:00","guid":{"rendered":"http:\/\/www.maltreting.pl\/?p=1302"},"modified":"2013-01-21T00:08:22","modified_gmt":"2013-01-20T23:08:22","slug":"72-godziny-z-palcem-w-dupie","status":"publish","type":"post","link":"https:\/\/www.maltreting.pl\/index.php\/2010\/08\/72-godziny-z-palcem-w-dupie\/","title":{"rendered":"72 godziny z palcem w dupie"},"content":{"rendered":"<p style=\"text-align: justify;\"><em>Dzisiejszy tekst pierwszej \u015bwie\u017co\u015bci nie jest, chocia\u017c (albo w\u0142a\u015bnie dlatego, \u017ce) traktuje o dezodorancie. Ale tak to ju\u017c jest &#8211; pisz\u0119 bloga o reklamie, ale takiej telewizji na przyk\u0142ad prawie nie ogl\u0105dam. Jako\u015b mi si\u0119 nie chce. Mimo wi\u0119c, \u017ce kampania Garniera, o kt\u00f3rej b\u0119dzie mowa, wystartowa\u0142a na pocz\u0105tku lipca, to dowiedzia\u0142em si\u0119 o niej dzisiaj. Zreszt\u0105 od innego go\u015bcia, kt\u00f3ry nie ogl\u0105da telewizji.<\/em><\/p>\n<p><!--more--><\/p>\n<p style=\"text-align: justify;\">Przypuszczam, \u017ce co bardziej szyderczo nastawieni internauci pozwolili ju\u017c sobie ostro podworowa\u0107 z koncepcji antyperspirantu dzia\u0142aj\u0105cego przez 72 godziny. By\u0142o nie by\u0142o, kosmetyk zwalniaj\u0105cy na a\u017c 3 dni z niew\u0105tpliwie przykrego obowi\u0105zku mycia si\u0119 to rzeczywi\u015bcie innowacja. Poprosi\u0142bym tak\u0105 past\u0119 do z\u0119b\u00f3w jeszcze, i b\u0119d\u0119 naprawd\u0119 szcz\u0119\u015bliwy.<\/p>\n<p style=\"TEXT-ALIGN: center\"><object type=\"application\/x-shockwave-flash\" data=\"http:\/\/www.youtube.com\/v\/ZswIsxEV8O0\" height=\"350\" width=\"425\"><param name=\"quality\" value=\"high\" \/><param name=\"src\" value=\"http:\/\/www.youtube.com\/v\/ZswIsxEV8O0\" \/><\/object><\/p>\n<p style=\"text-align: justify;\">I mo\u017ce&#8230; no nie wiem, czy powinienem pisa\u0107&#8230; A zreszt\u0105, co mi tam: srajta\u015bm\u0119 te\u017c bym tak\u0105 poprosi\u0142. Tak\u0105 co jedno podtarcie dupy za\u0142atwia problem higieniczny na kolejne 3 dni. Do tej pory u\u017cywa\u0142em takiej nas\u0105czonej rumiankiem (lubi\u0119 otacza\u0107 sw\u00f3j ty\u0142ek luksusami). Przypuszczam, \u017ce w przypadku takiej trzydniowej rumianek jednak nie da\u0142by rady. Papier toaletowy w wersji Extreme musia\u0142by by\u0107 zapewne zaprawiany Domestosem (to bym chyba zni\u00f3s\u0142)&#8230; Albo Kretem (to ju\u017c niekoniecznie)&#8230;<\/p>\n<p style=\"text-align: justify;\">I jeszcze ma\u0142a ciekawostka. Na <a href=\"http:\/\/www.garnier.pl\/_pl\/_pl\/our_products\/product.aspx?tpcode=OUR_PRODUCTS%5EPRD_DEO%5EMEN%5EMEN_HOME\" target=\"_blank\">stronie Garniera<\/a> mo\u017cna wyczyta\u0107, \u017ce Garnier Mineral Men Extreme Spray (niez\u0142a nazwa, co? taka chwytliwa i kr\u00f3tka) ma \u201edopasowany do palca kszta\u0142t&#8221;.<\/p>\n<p style=\"text-align: center;\"><a href=\"https:\/\/www.maltreting.pl\/wp-content\/uploads\/2010\/08\/garnier_men_extreme1.jpg\"><img decoding=\"async\" loading=\"lazy\" title=\"garnier_men_extreme1\" height=\"228\" width=\"300\" class=\"aligncenter size-medium wp-image-1304\" src=\"https:\/\/www.maltreting.pl\/wp-content\/uploads\/2010\/08\/garnier_men_extreme1-300x228.jpg\" alt=\"garnier_men_extreme1\" srcset=\"https:\/\/www.maltreting.pl\/wp-content\/uploads\/2010\/08\/garnier_men_extreme1-300x228.jpg 300w, https:\/\/www.maltreting.pl\/wp-content\/uploads\/2010\/08\/garnier_men_extreme1.jpg 1003w\" sizes=\"(max-width: 300px) 100vw, 300px\" \/><\/a><\/p>\n<p style=\"text-align: justify;\">Dopasowany do palca? Cholera, my\u015bla\u0142em, \u017ce dezodorant powinien by\u0107 dopasowany do pachy&#8230; Ale mo\u017ce w\u0142a\u015bnie fakt, \u017ce ten konkretny dezodorant dopasowany jest do palca, przes\u0105dza o jego fantastycznie d\u0142ugim, 3-dniowym okresie dzia\u0142ania. Rzeczywi\u015bcie, palce mi si\u0119 poc\u0105 raczej s\u0142abo, nawet bez dezodorantu.<\/p>\n<p style=\"text-align: justify;\">PS. Tytu\u0142 to wolna impresja na temat <a href=\"http:\/\/www.facebook.com\/pages\/Maltreting\/253126476636?v=wall&amp;story_fbid=154539557894822&amp;ref=mf\" target=\"_self\">fejsbukowej zapowiedzi<\/a> tego wpisu.<\/p>\n\n<!-- Facebook Like Button v1.9.6 BEGIN [http:\/\/blog.bottomlessinc.com] -->\n<iframe src=\"http:\/\/www.facebook.com\/plugins\/like.php?href=https%3A%2F%2Fwww.maltreting.pl%2Findex.php%2F2010%2F08%2F72-godziny-z-palcem-w-dupie%2F&amp;layout=button_count&amp;show_faces=false&amp;width=450&amp;action=like&amp;colorscheme=light\" scrolling=\"no\" frameborder=\"0\" allowTransparency=\"true\" style=\"border:none; overflow:hidden; width:450px; height: 30px; align: left; margin: 12px 0px 6px 0px\"><\/iframe>\n<!-- Facebook Like Button END -->\n","protected":false},"excerpt":{"rendered":"<p>Dzisiejszy tekst pierwszej \u015bwie\u017co\u015bci nie jest, chocia\u017c (albo w\u0142a\u015bnie dlatego, \u017ce) traktuje o dezodorancie. Ale tak to ju\u017c jest &#8211; pisz\u0119 bloga o reklamie, ale takiej telewizji na przyk\u0142ad prawie nie ogl\u0105dam. Jako\u015b mi si\u0119 nie chce. Mimo wi\u0119c, \u017ce kampania Garniera, o kt\u00f3rej b\u0119dzie mowa, wystartowa\u0142a na pocz\u0105tku lipca, to dowiedzia\u0142em si\u0119 o niej dzisiaj. Zreszt\u0105 od innego go\u015bcia, kt\u00f3ry nie ogl\u0105da telewizji.<\/p>\n<p> <a class=\"continue-reading-link\" href=\"https:\/\/www.maltreting.pl\/index.php\/2010\/08\/72-godziny-z-palcem-w-dupie\/\"><span>Czytaj dalej<\/span><i class=\"crycon-right-dir\"><\/i><\/a> <\/p>\n","protected":false},"author":3,"featured_media":0,"comment_status":"open","ping_status":"open","sticky":false,"template":"","format":"standard","meta":{"sfsi_plus_gutenberg_text_before_share":"","sfsi_plus_gutenberg_show_text_before_share":"","sfsi_plus_gutenberg_icon_type":"","sfsi_plus_gutenberg_icon_alignemt":"","sfsi_plus_gutenburg_max_per_row":""},"categories":[71],"tags":[36,116,204,202,18,3],"_links":{"self":[{"href":"https:\/\/www.maltreting.pl\/index.php\/wp-json\/wp\/v2\/posts\/1302"}],"collection":[{"href":"https:\/\/www.maltreting.pl\/index.php\/wp-json\/wp\/v2\/posts"}],"about":[{"href":"https:\/\/www.maltreting.pl\/index.php\/wp-json\/wp\/v2\/types\/post"}],"author":[{"embeddable":true,"href":"https:\/\/www.maltreting.pl\/index.php\/wp-json\/wp\/v2\/users\/3"}],"replies":[{"embeddable":true,"href":"https:\/\/www.maltreting.pl\/index.php\/wp-json\/wp\/v2\/comments?post=1302"}],"version-history":[{"count":6,"href":"https:\/\/www.maltreting.pl\/index.php\/wp-json\/wp\/v2\/posts\/1302\/revisions"}],"predecessor-version":[{"id":1306,"href":"https:\/\/www.maltreting.pl\/index.php\/wp-json\/wp\/v2\/posts\/1302\/revisions\/1306"}],"wp:attachment":[{"href":"https:\/\/www.maltreting.pl\/index.php\/wp-json\/wp\/v2\/media?parent=1302"}],"wp:term":[{"taxonomy":"category","embeddable":true,"href":"https:\/\/www.maltreting.pl\/index.php\/wp-json\/wp\/v2\/categories?post=1302"},{"taxonomy":"post_tag","embeddable":true,"href":"https:\/\/www.maltreting.pl\/index.php\/wp-json\/wp\/v2\/tags?post=1302"}],"curies":[{"name":"wp","href":"https:\/\/api.w.org\/{rel}","templated":true}]}}